{"id":6837,"date":"2026-02-10T23:51:46","date_gmt":"2026-02-10T23:51:46","guid":{"rendered":"https:\/\/usa.mirex.gob.do\/consular\/miami\/?p=6837"},"modified":"2026-02-24T23:57:24","modified_gmt":"2026-02-24T23:57:24","slug":"acto-de-entrega-formal-de-las-funciones-de-la-sede-consular-en-miami-al-viceconsul-gilberto-minaya","status":"publish","type":"post","link":"https:\/\/usa.mirex.gob.do\/consular\/miami\/acto-de-entrega-formal-de-las-funciones-de-la-sede-consular-en-miami-al-viceconsul-gilberto-minaya\/","title":{"rendered":"Acto de entrega formal de las funciones de la sede consular en Miami al vicec\u00f3nsul Gilberto Minaya"},"content":{"rendered":"<p>El pasado viernes, 6 de febrero de 2026, se realiz\u00f3 el acto de entrega formal de las funciones de la sede consular en Miami al vicec\u00f3nsul Gilberto Minaya, asumiendo en lo adelante como Encargado interino de la misi\u00f3n y a quien auguramos el mayor de los \u00e9xitos.<\/p>\n<p>Durante el encuentro, la Dra. Geanilda V\u00e1squez fue reconocida por su destacada labor al frente de esta misi\u00f3n consular, as\u00ed como por la presentaci\u00f3n de la Memoria Consular correspondiente al per\u00edodo febrero 2023 \u2013 diciembre 2025, documento que recoge los principales logros y avances de su gesti\u00f3n.<\/p>\n<p>Reafirmamos nuestro compromiso con la transparencia, la institucionalidad y el fortalecimiento del servicio a nuestra comunidad dominicana en el exterior.<\/p>\n<p>&nbsp;<\/p>\n<p><img fetchpriority=\"high\" decoding=\"async\" class=\"alignnone size-medium wp-image-6838\" src=\"https:\/\/usa.mirex.gob.do\/consular\/miami\/wp-content\/uploads\/2026\/02\/629752346_18335800297210519_763201510500532404_n-300x201.jpg\" alt=\"\" width=\"300\" height=\"201\" srcset=\"https:\/\/usa.mirex.gob.do\/consular\/miami\/wp-content\/uploads\/2026\/02\/629752346_18335800297210519_763201510500532404_n-300x201.jpg 300w, https:\/\/usa.mirex.gob.do\/consular\/miami\/wp-content\/uploads\/2026\/02\/629752346_18335800297210519_763201510500532404_n-768x514.jpg 768w, https:\/\/usa.mirex.gob.do\/consular\/miami\/wp-content\/uploads\/2026\/02\/629752346_18335800297210519_763201510500532404_n.jpg 1012w\" sizes=\"(max-width: 300px) 100vw, 300px\" \/> <img decoding=\"async\" class=\"alignnone size-medium wp-image-6839\" src=\"https:\/\/usa.mirex.gob.do\/consular\/miami\/wp-content\/uploads\/2026\/02\/627695305_18335800324210519_5466676648051054637_n-300x200.jpg\" alt=\"\" width=\"300\" height=\"200\" srcset=\"https:\/\/usa.mirex.gob.do\/consular\/miami\/wp-content\/uploads\/2026\/02\/627695305_18335800324210519_5466676648051054637_n-300x200.jpg 300w, https:\/\/usa.mirex.gob.do\/consular\/miami\/wp-content\/uploads\/2026\/02\/627695305_18335800324210519_5466676648051054637_n-1024x682.jpg 1024w, https:\/\/usa.mirex.gob.do\/consular\/miami\/wp-content\/uploads\/2026\/02\/627695305_18335800324210519_5466676648051054637_n-768x512.jpg 768w, https:\/\/usa.mirex.gob.do\/consular\/miami\/wp-content\/uploads\/2026\/02\/627695305_18335800324210519_5466676648051054637_n.jpg 1066w\" sizes=\"(max-width: 300px) 100vw, 300px\" \/> <img decoding=\"async\" class=\"alignnone size-medium wp-image-6840\" src=\"https:\/\/usa.mirex.gob.do\/consular\/miami\/wp-content\/uploads\/2026\/02\/627978193_18335800333210519_5904709630295937723_n-300x200.jpg\" alt=\"\" width=\"300\" height=\"200\" srcset=\"https:\/\/usa.mirex.gob.do\/consular\/miami\/wp-content\/uploads\/2026\/02\/627978193_18335800333210519_5904709630295937723_n-300x200.jpg 300w, https:\/\/usa.mirex.gob.do\/consular\/miami\/wp-content\/uploads\/2026\/02\/627978193_18335800333210519_5904709630295937723_n-1024x682.jpg 1024w, https:\/\/usa.mirex.gob.do\/consular\/miami\/wp-content\/uploads\/2026\/02\/627978193_18335800333210519_5904709630295937723_n-768x512.jpg 768w, https:\/\/usa.mirex.gob.do\/consular\/miami\/wp-content\/uploads\/2026\/02\/627978193_18335800333210519_5904709630295937723_n.jpg 1066w\" sizes=\"(max-width: 300px) 100vw, 300px\" \/><\/p>\n","protected":false},"excerpt":{"rendered":"<p>El pasado viernes, 6 de febrero de 2026, se realiz\u00f3 el acto de entrega formal de las funciones de la sede consular en Miami al vicec\u00f3nsul Gilberto Minaya, asumiendo en lo adelante como Encargado interino de la misi\u00f3n y a quien auguramos el mayor de los \u00e9xitos. Durante el encuentro, la Dra. Geanilda V\u00e1squez fue [&hellip;]<\/p>\n","protected":false},"author":9,"featured_media":6842,"comment_status":"closed","ping_status":"open","sticky":false,"template":"","format":"standard","meta":{"site-sidebar-layout":"default","site-content-layout":"","ast-site-content-layout":"default","site-content-style":"default","site-sidebar-style":"default","ast-global-header-display":"","ast-banner-title-visibility":"","ast-main-header-display":"","ast-hfb-above-header-display":"","ast-hfb-below-header-display":"","ast-hfb-mobile-header-display":"","site-post-title":"","ast-breadcrumbs-content":"","ast-featured-img":"","footer-sml-layout":"","ast-disable-related-posts":"","theme-transparent-header-meta":"default","adv-header-id-meta":"","stick-header-meta":"","header-above-stick-meta":"","header-main-stick-meta":"","header-below-stick-meta":"","astra-migrate-meta-layouts":"set","ast-page-background-enabled":"default","ast-page-background-meta":{"desktop":{"background-color":"","background-image":"","background-repeat":"repeat","background-position":"center center","background-size":"auto","background-attachment":"scroll","background-type":"","background-media":"","overlay-type":"","overlay-color":"","overlay-opacity":"","overlay-gradient":""},"tablet":{"background-color":"","background-image":"","background-repeat":"repeat","background-position":"center center","background-size":"auto","background-attachment":"scroll","background-type":"","background-media":"","overlay-type":"","overlay-color":"","overlay-opacity":"","overlay-gradient":""},"mobile":{"background-color":"","background-image":"","background-repeat":"repeat","background-position":"center center","background-size":"auto","background-attachment":"scroll","background-type":"","background-media":"","overlay-type":"","overlay-color":"","overlay-opacity":"","overlay-gradient":""}},"ast-content-background-meta":{"desktop":{"background-color":"var(--ast-global-color-5)","background-image":"","background-repeat":"repeat","background-position":"center center","background-size":"auto","background-attachment":"scroll","background-type":"","background-media":"","overlay-type":"","overlay-color":"","overlay-opacity":"","overlay-gradient":""},"tablet":{"background-color":"var(--ast-global-color-5)","background-image":"","background-repeat":"repeat","background-position":"center center","background-size":"auto","background-attachment":"scroll","background-type":"","background-media":"","overlay-type":"","overlay-color":"","overlay-opacity":"","overlay-gradient":""},"mobile":{"background-color":"var(--ast-global-color-5)","background-image":"","background-repeat":"repeat","background-position":"center center","background-size":"auto","background-attachment":"scroll","background-type":"","background-media":"","overlay-type":"","overlay-color":"","overlay-opacity":"","overlay-gradient":""}},"footnotes":""},"categories":[1],"tags":[],"class_list":["post-6837","post","type-post","status-publish","format-standard","has-post-thumbnail","hentry","category-sin-categorizar"],"yoast_head":"<!-- This site is optimized with the Yoast SEO plugin v27.5 - https:\/\/yoast.com\/product\/yoast-seo-wordpress\/ -->\n<title>Acto de entrega formal de las funciones de la sede consular en Miami al vicec\u00f3nsul Gilberto Minaya - Consulado General de la Rep\u00fablica Dominicana en Miami, Florida, EE. UU.<\/title>\n<meta name=\"robots\" content=\"index, follow, max-snippet:-1, max-image-preview:large, max-video-preview:-1\" \/>\n<link rel=\"canonical\" href=\"https:\/\/usa.mirex.gob.do\/consular\/miami\/acto-de-entrega-formal-de-las-funciones-de-la-sede-consular-en-miami-al-viceconsul-gilberto-minaya\/\" \/>\n<meta property=\"og:locale\" content=\"en_US\" \/>\n<meta property=\"og:type\" content=\"article\" \/>\n<meta property=\"og:title\" content=\"Acto de entrega formal de las funciones de la sede consular en Miami al vicec\u00f3nsul Gilberto Minaya - Consulado General de la Rep\u00fablica Dominicana en Miami, Florida, EE. UU.\" \/>\n<meta property=\"og:description\" content=\"El pasado viernes, 6 de febrero de 2026, se realiz\u00f3 el acto de entrega formal de las funciones de la sede consular en Miami al vicec\u00f3nsul Gilberto Minaya, asumiendo en lo adelante como Encargado interino de la misi\u00f3n y a quien auguramos el mayor de los \u00e9xitos. Durante el encuentro, la Dra. Geanilda V\u00e1squez fue [&hellip;]\" \/>\n<meta property=\"og:url\" content=\"https:\/\/usa.mirex.gob.do\/consular\/miami\/acto-de-entrega-formal-de-las-funciones-de-la-sede-consular-en-miami-al-viceconsul-gilberto-minaya\/\" \/>\n<meta property=\"og:site_name\" content=\"Consulado General de la Rep\u00fablica Dominicana en Miami, Florida, EE. UU.\" \/>\n<meta property=\"article:published_time\" content=\"2026-02-10T23:51:46+00:00\" \/>\n<meta property=\"article:modified_time\" content=\"2026-02-24T23:57:24+00:00\" \/>\n<meta property=\"og:image\" content=\"https:\/\/usa.mirex.gob.do\/consular\/miami\/wp-content\/uploads\/2026\/02\/629370870_18335800342210519_7685204968230093838_n-1.jpg\" \/>\n\t<meta property=\"og:image:width\" content=\"1065\" \/>\n\t<meta property=\"og:image:height\" content=\"710\" \/>\n\t<meta property=\"og:image:type\" content=\"image\/jpeg\" \/>\n<meta name=\"author\" content=\"Daviana Mazara\" \/>\n<meta name=\"twitter:card\" content=\"summary_large_image\" \/>\n<meta name=\"twitter:label1\" content=\"Written by\" \/>\n\t<meta name=\"twitter:data1\" content=\"Daviana Mazara\" \/>\n\t<meta name=\"twitter:label2\" content=\"Est. reading time\" \/>\n\t<meta name=\"twitter:data2\" content=\"1 minute\" \/>\n<script type=\"application\/ld+json\" class=\"yoast-schema-graph\">{\"@context\":\"https:\\\/\\\/schema.org\",\"@graph\":[{\"@type\":\"Article\",\"@id\":\"https:\\\/\\\/usa.mirex.gob.do\\\/consular\\\/miami\\\/acto-de-entrega-formal-de-las-funciones-de-la-sede-consular-en-miami-al-viceconsul-gilberto-minaya\\\/#article\",\"isPartOf\":{\"@id\":\"https:\\\/\\\/usa.mirex.gob.do\\\/consular\\\/miami\\\/acto-de-entrega-formal-de-las-funciones-de-la-sede-consular-en-miami-al-viceconsul-gilberto-minaya\\\/\"},\"author\":{\"name\":\"Daviana Mazara\",\"@id\":\"https:\\\/\\\/usa.mirex.gob.do\\\/consular\\\/miami\\\/#\\\/schema\\\/person\\\/9d8ceb46a3ca584b333625e07beaa56d\"},\"headline\":\"Acto de entrega formal de las funciones de la sede consular en Miami al vicec\u00f3nsul Gilberto Minaya\",\"datePublished\":\"2026-02-10T23:51:46+00:00\",\"dateModified\":\"2026-02-24T23:57:24+00:00\",\"mainEntityOfPage\":{\"@id\":\"https:\\\/\\\/usa.mirex.gob.do\\\/consular\\\/miami\\\/acto-de-entrega-formal-de-las-funciones-de-la-sede-consular-en-miami-al-viceconsul-gilberto-minaya\\\/\"},\"wordCount\":135,\"publisher\":{\"@id\":\"https:\\\/\\\/usa.mirex.gob.do\\\/consular\\\/miami\\\/#organization\"},\"image\":{\"@id\":\"https:\\\/\\\/usa.mirex.gob.do\\\/consular\\\/miami\\\/acto-de-entrega-formal-de-las-funciones-de-la-sede-consular-en-miami-al-viceconsul-gilberto-minaya\\\/#primaryimage\"},\"thumbnailUrl\":\"https:\\\/\\\/usa.mirex.gob.do\\\/consular\\\/miami\\\/wp-content\\\/uploads\\\/2026\\\/02\\\/629370870_18335800342210519_7685204968230093838_n-1.jpg\",\"articleSection\":[\"Sin categorizar\"],\"inLanguage\":\"en-US\"},{\"@type\":\"WebPage\",\"@id\":\"https:\\\/\\\/usa.mirex.gob.do\\\/consular\\\/miami\\\/acto-de-entrega-formal-de-las-funciones-de-la-sede-consular-en-miami-al-viceconsul-gilberto-minaya\\\/\",\"url\":\"https:\\\/\\\/usa.mirex.gob.do\\\/consular\\\/miami\\\/acto-de-entrega-formal-de-las-funciones-de-la-sede-consular-en-miami-al-viceconsul-gilberto-minaya\\\/\",\"name\":\"Acto de entrega formal de las funciones de la sede consular en Miami al vicec\u00f3nsul Gilberto Minaya - Consulado General de la Rep\u00fablica Dominicana en Miami, Florida, EE. UU.\",\"isPartOf\":{\"@id\":\"https:\\\/\\\/usa.mirex.gob.do\\\/consular\\\/miami\\\/#website\"},\"primaryImageOfPage\":{\"@id\":\"https:\\\/\\\/usa.mirex.gob.do\\\/consular\\\/miami\\\/acto-de-entrega-formal-de-las-funciones-de-la-sede-consular-en-miami-al-viceconsul-gilberto-minaya\\\/#primaryimage\"},\"image\":{\"@id\":\"https:\\\/\\\/usa.mirex.gob.do\\\/consular\\\/miami\\\/acto-de-entrega-formal-de-las-funciones-de-la-sede-consular-en-miami-al-viceconsul-gilberto-minaya\\\/#primaryimage\"},\"thumbnailUrl\":\"https:\\\/\\\/usa.mirex.gob.do\\\/consular\\\/miami\\\/wp-content\\\/uploads\\\/2026\\\/02\\\/629370870_18335800342210519_7685204968230093838_n-1.jpg\",\"datePublished\":\"2026-02-10T23:51:46+00:00\",\"dateModified\":\"2026-02-24T23:57:24+00:00\",\"breadcrumb\":{\"@id\":\"https:\\\/\\\/usa.mirex.gob.do\\\/consular\\\/miami\\\/acto-de-entrega-formal-de-las-funciones-de-la-sede-consular-en-miami-al-viceconsul-gilberto-minaya\\\/#breadcrumb\"},\"inLanguage\":\"en-US\",\"potentialAction\":[{\"@type\":\"ReadAction\",\"target\":[\"https:\\\/\\\/usa.mirex.gob.do\\\/consular\\\/miami\\\/acto-de-entrega-formal-de-las-funciones-de-la-sede-consular-en-miami-al-viceconsul-gilberto-minaya\\\/\"]}]},{\"@type\":\"ImageObject\",\"inLanguage\":\"en-US\",\"@id\":\"https:\\\/\\\/usa.mirex.gob.do\\\/consular\\\/miami\\\/acto-de-entrega-formal-de-las-funciones-de-la-sede-consular-en-miami-al-viceconsul-gilberto-minaya\\\/#primaryimage\",\"url\":\"https:\\\/\\\/usa.mirex.gob.do\\\/consular\\\/miami\\\/wp-content\\\/uploads\\\/2026\\\/02\\\/629370870_18335800342210519_7685204968230093838_n-1.jpg\",\"contentUrl\":\"https:\\\/\\\/usa.mirex.gob.do\\\/consular\\\/miami\\\/wp-content\\\/uploads\\\/2026\\\/02\\\/629370870_18335800342210519_7685204968230093838_n-1.jpg\",\"width\":1065,\"height\":710},{\"@type\":\"BreadcrumbList\",\"@id\":\"https:\\\/\\\/usa.mirex.gob.do\\\/consular\\\/miami\\\/acto-de-entrega-formal-de-las-funciones-de-la-sede-consular-en-miami-al-viceconsul-gilberto-minaya\\\/#breadcrumb\",\"itemListElement\":[{\"@type\":\"ListItem\",\"position\":1,\"name\":\"Inicio\",\"item\":\"https:\\\/\\\/usa.mirex.gob.do\\\/consular\\\/miami\\\/\"},{\"@type\":\"ListItem\",\"position\":2,\"name\":\"Acto de entrega formal de las funciones de la sede consular en Miami al vicec\u00f3nsul Gilberto Minaya\"}]},{\"@type\":\"WebSite\",\"@id\":\"https:\\\/\\\/usa.mirex.gob.do\\\/consular\\\/miami\\\/#website\",\"url\":\"https:\\\/\\\/usa.mirex.gob.do\\\/consular\\\/miami\\\/\",\"name\":\"Consulado General de la Rep\u00fablica Dominicana en Miami, Florida, EE. UU.\",\"description\":\"\",\"publisher\":{\"@id\":\"https:\\\/\\\/usa.mirex.gob.do\\\/consular\\\/miami\\\/#organization\"},\"potentialAction\":[{\"@type\":\"SearchAction\",\"target\":{\"@type\":\"EntryPoint\",\"urlTemplate\":\"https:\\\/\\\/usa.mirex.gob.do\\\/consular\\\/miami\\\/?s={search_term_string}\"},\"query-input\":{\"@type\":\"PropertyValueSpecification\",\"valueRequired\":true,\"valueName\":\"search_term_string\"}}],\"inLanguage\":\"en-US\"},{\"@type\":\"Organization\",\"@id\":\"https:\\\/\\\/usa.mirex.gob.do\\\/consular\\\/miami\\\/#organization\",\"name\":\"Consulado General de la Rep\u00fablica Dominicana en Miami, Florida, EE. UU.\",\"url\":\"https:\\\/\\\/usa.mirex.gob.do\\\/consular\\\/miami\\\/\",\"logo\":{\"@type\":\"ImageObject\",\"inLanguage\":\"en-US\",\"@id\":\"https:\\\/\\\/usa.mirex.gob.do\\\/consular\\\/miami\\\/#\\\/schema\\\/logo\\\/image\\\/\",\"url\":\"https:\\\/\\\/usa.mirex.gob.do\\\/consular\\\/miami\\\/wp-content\\\/uploads\\\/2022\\\/05\\\/CONSULADO-MIAMI-RD-04.png\",\"contentUrl\":\"https:\\\/\\\/usa.mirex.gob.do\\\/consular\\\/miami\\\/wp-content\\\/uploads\\\/2022\\\/05\\\/CONSULADO-MIAMI-RD-04.png\",\"width\":4163,\"height\":1789,\"caption\":\"Consulado General de la Rep\u00fablica Dominicana en Miami, Florida, EE. UU.\"},\"image\":{\"@id\":\"https:\\\/\\\/usa.mirex.gob.do\\\/consular\\\/miami\\\/#\\\/schema\\\/logo\\\/image\\\/\"}},{\"@type\":\"Person\",\"@id\":\"https:\\\/\\\/usa.mirex.gob.do\\\/consular\\\/miami\\\/#\\\/schema\\\/person\\\/9d8ceb46a3ca584b333625e07beaa56d\",\"name\":\"Daviana Mazara\",\"image\":{\"@type\":\"ImageObject\",\"inLanguage\":\"en-US\",\"@id\":\"https:\\\/\\\/secure.gravatar.com\\\/avatar\\\/62af1917d82fb78b347747592791212e43f59b982f0291e25e701078e6cc5555?s=96&d=mm&r=g\",\"url\":\"https:\\\/\\\/secure.gravatar.com\\\/avatar\\\/62af1917d82fb78b347747592791212e43f59b982f0291e25e701078e6cc5555?s=96&d=mm&r=g\",\"contentUrl\":\"https:\\\/\\\/secure.gravatar.com\\\/avatar\\\/62af1917d82fb78b347747592791212e43f59b982f0291e25e701078e6cc5555?s=96&d=mm&r=g\",\"caption\":\"Daviana Mazara\"}}]}<\/script>\n<!-- \/ Yoast SEO plugin. -->","yoast_head_json":{"title":"Acto de entrega formal de las funciones de la sede consular en Miami al vicec\u00f3nsul Gilberto Minaya - Consulado General de la Rep\u00fablica Dominicana en Miami, Florida, EE. UU.","robots":{"index":"index","follow":"follow","max-snippet":"max-snippet:-1","max-image-preview":"max-image-preview:large","max-video-preview":"max-video-preview:-1"},"canonical":"https:\/\/usa.mirex.gob.do\/consular\/miami\/acto-de-entrega-formal-de-las-funciones-de-la-sede-consular-en-miami-al-viceconsul-gilberto-minaya\/","og_locale":"en_US","og_type":"article","og_title":"Acto de entrega formal de las funciones de la sede consular en Miami al vicec\u00f3nsul Gilberto Minaya - Consulado General de la Rep\u00fablica Dominicana en Miami, Florida, EE. UU.","og_description":"El pasado viernes, 6 de febrero de 2026, se realiz\u00f3 el acto de entrega formal de las funciones de la sede consular en Miami al vicec\u00f3nsul Gilberto Minaya, asumiendo en lo adelante como Encargado interino de la misi\u00f3n y a quien auguramos el mayor de los \u00e9xitos. Durante el encuentro, la Dra. Geanilda V\u00e1squez fue [&hellip;]","og_url":"https:\/\/usa.mirex.gob.do\/consular\/miami\/acto-de-entrega-formal-de-las-funciones-de-la-sede-consular-en-miami-al-viceconsul-gilberto-minaya\/","og_site_name":"Consulado General de la Rep\u00fablica Dominicana en Miami, Florida, EE. UU.","article_published_time":"2026-02-10T23:51:46+00:00","article_modified_time":"2026-02-24T23:57:24+00:00","og_image":[{"width":1065,"height":710,"url":"https:\/\/usa.mirex.gob.do\/consular\/miami\/wp-content\/uploads\/2026\/02\/629370870_18335800342210519_7685204968230093838_n-1.jpg","type":"image\/jpeg"}],"author":"Daviana Mazara","twitter_card":"summary_large_image","twitter_misc":{"Written by":"Daviana Mazara","Est. reading time":"1 minute"},"schema":{"@context":"https:\/\/schema.org","@graph":[{"@type":"Article","@id":"https:\/\/usa.mirex.gob.do\/consular\/miami\/acto-de-entrega-formal-de-las-funciones-de-la-sede-consular-en-miami-al-viceconsul-gilberto-minaya\/#article","isPartOf":{"@id":"https:\/\/usa.mirex.gob.do\/consular\/miami\/acto-de-entrega-formal-de-las-funciones-de-la-sede-consular-en-miami-al-viceconsul-gilberto-minaya\/"},"author":{"name":"Daviana Mazara","@id":"https:\/\/usa.mirex.gob.do\/consular\/miami\/#\/schema\/person\/9d8ceb46a3ca584b333625e07beaa56d"},"headline":"Acto de entrega formal de las funciones de la sede consular en Miami al vicec\u00f3nsul Gilberto Minaya","datePublished":"2026-02-10T23:51:46+00:00","dateModified":"2026-02-24T23:57:24+00:00","mainEntityOfPage":{"@id":"https:\/\/usa.mirex.gob.do\/consular\/miami\/acto-de-entrega-formal-de-las-funciones-de-la-sede-consular-en-miami-al-viceconsul-gilberto-minaya\/"},"wordCount":135,"publisher":{"@id":"https:\/\/usa.mirex.gob.do\/consular\/miami\/#organization"},"image":{"@id":"https:\/\/usa.mirex.gob.do\/consular\/miami\/acto-de-entrega-formal-de-las-funciones-de-la-sede-consular-en-miami-al-viceconsul-gilberto-minaya\/#primaryimage"},"thumbnailUrl":"https:\/\/usa.mirex.gob.do\/consular\/miami\/wp-content\/uploads\/2026\/02\/629370870_18335800342210519_7685204968230093838_n-1.jpg","articleSection":["Sin categorizar"],"inLanguage":"en-US"},{"@type":"WebPage","@id":"https:\/\/usa.mirex.gob.do\/consular\/miami\/acto-de-entrega-formal-de-las-funciones-de-la-sede-consular-en-miami-al-viceconsul-gilberto-minaya\/","url":"https:\/\/usa.mirex.gob.do\/consular\/miami\/acto-de-entrega-formal-de-las-funciones-de-la-sede-consular-en-miami-al-viceconsul-gilberto-minaya\/","name":"Acto de entrega formal de las funciones de la sede consular en Miami al vicec\u00f3nsul Gilberto Minaya - Consulado General de la Rep\u00fablica Dominicana en Miami, Florida, EE. UU.","isPartOf":{"@id":"https:\/\/usa.mirex.gob.do\/consular\/miami\/#website"},"primaryImageOfPage":{"@id":"https:\/\/usa.mirex.gob.do\/consular\/miami\/acto-de-entrega-formal-de-las-funciones-de-la-sede-consular-en-miami-al-viceconsul-gilberto-minaya\/#primaryimage"},"image":{"@id":"https:\/\/usa.mirex.gob.do\/consular\/miami\/acto-de-entrega-formal-de-las-funciones-de-la-sede-consular-en-miami-al-viceconsul-gilberto-minaya\/#primaryimage"},"thumbnailUrl":"https:\/\/usa.mirex.gob.do\/consular\/miami\/wp-content\/uploads\/2026\/02\/629370870_18335800342210519_7685204968230093838_n-1.jpg","datePublished":"2026-02-10T23:51:46+00:00","dateModified":"2026-02-24T23:57:24+00:00","breadcrumb":{"@id":"https:\/\/usa.mirex.gob.do\/consular\/miami\/acto-de-entrega-formal-de-las-funciones-de-la-sede-consular-en-miami-al-viceconsul-gilberto-minaya\/#breadcrumb"},"inLanguage":"en-US","potentialAction":[{"@type":"ReadAction","target":["https:\/\/usa.mirex.gob.do\/consular\/miami\/acto-de-entrega-formal-de-las-funciones-de-la-sede-consular-en-miami-al-viceconsul-gilberto-minaya\/"]}]},{"@type":"ImageObject","inLanguage":"en-US","@id":"https:\/\/usa.mirex.gob.do\/consular\/miami\/acto-de-entrega-formal-de-las-funciones-de-la-sede-consular-en-miami-al-viceconsul-gilberto-minaya\/#primaryimage","url":"https:\/\/usa.mirex.gob.do\/consular\/miami\/wp-content\/uploads\/2026\/02\/629370870_18335800342210519_7685204968230093838_n-1.jpg","contentUrl":"https:\/\/usa.mirex.gob.do\/consular\/miami\/wp-content\/uploads\/2026\/02\/629370870_18335800342210519_7685204968230093838_n-1.jpg","width":1065,"height":710},{"@type":"BreadcrumbList","@id":"https:\/\/usa.mirex.gob.do\/consular\/miami\/acto-de-entrega-formal-de-las-funciones-de-la-sede-consular-en-miami-al-viceconsul-gilberto-minaya\/#breadcrumb","itemListElement":[{"@type":"ListItem","position":1,"name":"Inicio","item":"https:\/\/usa.mirex.gob.do\/consular\/miami\/"},{"@type":"ListItem","position":2,"name":"Acto de entrega formal de las funciones de la sede consular en Miami al vicec\u00f3nsul Gilberto Minaya"}]},{"@type":"WebSite","@id":"https:\/\/usa.mirex.gob.do\/consular\/miami\/#website","url":"https:\/\/usa.mirex.gob.do\/consular\/miami\/","name":"Consulado General de la Rep\u00fablica Dominicana en Miami, Florida, EE. UU.","description":"","publisher":{"@id":"https:\/\/usa.mirex.gob.do\/consular\/miami\/#organization"},"potentialAction":[{"@type":"SearchAction","target":{"@type":"EntryPoint","urlTemplate":"https:\/\/usa.mirex.gob.do\/consular\/miami\/?s={search_term_string}"},"query-input":{"@type":"PropertyValueSpecification","valueRequired":true,"valueName":"search_term_string"}}],"inLanguage":"en-US"},{"@type":"Organization","@id":"https:\/\/usa.mirex.gob.do\/consular\/miami\/#organization","name":"Consulado General de la Rep\u00fablica Dominicana en Miami, Florida, EE. UU.","url":"https:\/\/usa.mirex.gob.do\/consular\/miami\/","logo":{"@type":"ImageObject","inLanguage":"en-US","@id":"https:\/\/usa.mirex.gob.do\/consular\/miami\/#\/schema\/logo\/image\/","url":"https:\/\/usa.mirex.gob.do\/consular\/miami\/wp-content\/uploads\/2022\/05\/CONSULADO-MIAMI-RD-04.png","contentUrl":"https:\/\/usa.mirex.gob.do\/consular\/miami\/wp-content\/uploads\/2022\/05\/CONSULADO-MIAMI-RD-04.png","width":4163,"height":1789,"caption":"Consulado General de la Rep\u00fablica Dominicana en Miami, Florida, EE. UU."},"image":{"@id":"https:\/\/usa.mirex.gob.do\/consular\/miami\/#\/schema\/logo\/image\/"}},{"@type":"Person","@id":"https:\/\/usa.mirex.gob.do\/consular\/miami\/#\/schema\/person\/9d8ceb46a3ca584b333625e07beaa56d","name":"Daviana Mazara","image":{"@type":"ImageObject","inLanguage":"en-US","@id":"https:\/\/secure.gravatar.com\/avatar\/62af1917d82fb78b347747592791212e43f59b982f0291e25e701078e6cc5555?s=96&d=mm&r=g","url":"https:\/\/secure.gravatar.com\/avatar\/62af1917d82fb78b347747592791212e43f59b982f0291e25e701078e6cc5555?s=96&d=mm&r=g","contentUrl":"https:\/\/secure.gravatar.com\/avatar\/62af1917d82fb78b347747592791212e43f59b982f0291e25e701078e6cc5555?s=96&d=mm&r=g","caption":"Daviana Mazara"}}]}},"_links":{"self":[{"href":"https:\/\/usa.mirex.gob.do\/consular\/miami\/wp-json\/wp\/v2\/posts\/6837","targetHints":{"allow":["GET"]}}],"collection":[{"href":"https:\/\/usa.mirex.gob.do\/consular\/miami\/wp-json\/wp\/v2\/posts"}],"about":[{"href":"https:\/\/usa.mirex.gob.do\/consular\/miami\/wp-json\/wp\/v2\/types\/post"}],"author":[{"embeddable":true,"href":"https:\/\/usa.mirex.gob.do\/consular\/miami\/wp-json\/wp\/v2\/users\/9"}],"replies":[{"embeddable":true,"href":"https:\/\/usa.mirex.gob.do\/consular\/miami\/wp-json\/wp\/v2\/comments?post=6837"}],"version-history":[{"count":1,"href":"https:\/\/usa.mirex.gob.do\/consular\/miami\/wp-json\/wp\/v2\/posts\/6837\/revisions"}],"predecessor-version":[{"id":6843,"href":"https:\/\/usa.mirex.gob.do\/consular\/miami\/wp-json\/wp\/v2\/posts\/6837\/revisions\/6843"}],"wp:featuredmedia":[{"embeddable":true,"href":"https:\/\/usa.mirex.gob.do\/consular\/miami\/wp-json\/wp\/v2\/media\/6842"}],"wp:attachment":[{"href":"https:\/\/usa.mirex.gob.do\/consular\/miami\/wp-json\/wp\/v2\/media?parent=6837"}],"wp:term":[{"taxonomy":"category","embeddable":true,"href":"https:\/\/usa.mirex.gob.do\/consular\/miami\/wp-json\/wp\/v2\/categories?post=6837"},{"taxonomy":"post_tag","embeddable":true,"href":"https:\/\/usa.mirex.gob.do\/consular\/miami\/wp-json\/wp\/v2\/tags?post=6837"}],"curies":[{"name":"wp","href":"https:\/\/api.w.org\/{rel}","templated":true}]}}