{"id":6844,"date":"2026-02-19T23:57:52","date_gmt":"2026-02-19T23:57:52","guid":{"rendered":"https:\/\/usa.mirex.gob.do\/consular\/miami\/?p=6844"},"modified":"2026-02-24T23:59:14","modified_gmt":"2026-02-24T23:59:14","slug":"consulado-general-de-la-republica-dominicana-en-miami-participo-en-un-tour-en-la-torre-de-la-libertad","status":"publish","type":"post","link":"https:\/\/usa.mirex.gob.do\/consular\/miami\/consulado-general-de-la-republica-dominicana-en-miami-participo-en-un-tour-en-la-torre-de-la-libertad\/","title":{"rendered":"Consulado General de la Rep\u00fablica Dominicana en Miami particip\u00f3 en un tour en la Torre de la Libertad"},"content":{"rendered":"<p>Consulado General de la Rep\u00fablica Dominicana en Miami particip\u00f3 en un tour en la Torre de la Libertad (The Freedom Tower), una visita que permiti\u00f3 profundizar en la historia del exilio cubano y reconocer su impacto social, cultural y econ\u00f3mico en la ciudad de Miami.<\/p>\n<p>Agradecemos cordialmente la invitaci\u00f3n al Miami Dade College y a Madeline Pumariega, presidenta de MDC, por la oportunidad de compartir este espacio de conexi\u00f3n y aprendizaje.<\/p>\n<p><img fetchpriority=\"high\" decoding=\"async\" class=\"alignnone size-medium wp-image-6845\" src=\"https:\/\/usa.mirex.gob.do\/consular\/miami\/wp-content\/uploads\/2026\/02\/634787432_18336753310210519_3104860283891848531_n-225x300.jpg\" alt=\"\" width=\"225\" height=\"300\" srcset=\"https:\/\/usa.mirex.gob.do\/consular\/miami\/wp-content\/uploads\/2026\/02\/634787432_18336753310210519_3104860283891848531_n-225x300.jpg 225w, https:\/\/usa.mirex.gob.do\/consular\/miami\/wp-content\/uploads\/2026\/02\/634787432_18336753310210519_3104860283891848531_n-768x1024.jpg 768w, https:\/\/usa.mirex.gob.do\/consular\/miami\/wp-content\/uploads\/2026\/02\/634787432_18336753310210519_3104860283891848531_n.jpg 1080w\" sizes=\"(max-width: 225px) 100vw, 225px\" \/><\/p>\n","protected":false},"excerpt":{"rendered":"<p>Consulado General de la Rep\u00fablica Dominicana en Miami particip\u00f3 en un tour en la Torre de la Libertad (The Freedom Tower), una visita que permiti\u00f3 profundizar en la historia del exilio cubano y reconocer su impacto social, cultural y econ\u00f3mico en la ciudad de Miami. Agradecemos cordialmente la invitaci\u00f3n al Miami Dade College y a [&hellip;]<\/p>\n","protected":false},"author":9,"featured_media":6846,"comment_status":"closed","ping_status":"open","sticky":false,"template":"","format":"standard","meta":{"site-sidebar-layout":"default","site-content-layout":"","ast-site-content-layout":"default","site-content-style":"default","site-sidebar-style":"default","ast-global-header-display":"","ast-banner-title-visibility":"","ast-main-header-display":"","ast-hfb-above-header-display":"","ast-hfb-below-header-display":"","ast-hfb-mobile-header-display":"","site-post-title":"","ast-breadcrumbs-content":"","ast-featured-img":"","footer-sml-layout":"","ast-disable-related-posts":"","theme-transparent-header-meta":"default","adv-header-id-meta":"","stick-header-meta":"","header-above-stick-meta":"","header-main-stick-meta":"","header-below-stick-meta":"","astra-migrate-meta-layouts":"set","ast-page-background-enabled":"default","ast-page-background-meta":{"desktop":{"background-color":"","background-image":"","background-repeat":"repeat","background-position":"center center","background-size":"auto","background-attachment":"scroll","background-type":"","background-media":"","overlay-type":"","overlay-color":"","overlay-opacity":"","overlay-gradient":""},"tablet":{"background-color":"","background-image":"","background-repeat":"repeat","background-position":"center center","background-size":"auto","background-attachment":"scroll","background-type":"","background-media":"","overlay-type":"","overlay-color":"","overlay-opacity":"","overlay-gradient":""},"mobile":{"background-color":"","background-image":"","background-repeat":"repeat","background-position":"center center","background-size":"auto","background-attachment":"scroll","background-type":"","background-media":"","overlay-type":"","overlay-color":"","overlay-opacity":"","overlay-gradient":""}},"ast-content-background-meta":{"desktop":{"background-color":"var(--ast-global-color-5)","background-image":"","background-repeat":"repeat","background-position":"center center","background-size":"auto","background-attachment":"scroll","background-type":"","background-media":"","overlay-type":"","overlay-color":"","overlay-opacity":"","overlay-gradient":""},"tablet":{"background-color":"var(--ast-global-color-5)","background-image":"","background-repeat":"repeat","background-position":"center center","background-size":"auto","background-attachment":"scroll","background-type":"","background-media":"","overlay-type":"","overlay-color":"","overlay-opacity":"","overlay-gradient":""},"mobile":{"background-color":"var(--ast-global-color-5)","background-image":"","background-repeat":"repeat","background-position":"center center","background-size":"auto","background-attachment":"scroll","background-type":"","background-media":"","overlay-type":"","overlay-color":"","overlay-opacity":"","overlay-gradient":""}},"footnotes":""},"categories":[1],"tags":[],"class_list":["post-6844","post","type-post","status-publish","format-standard","has-post-thumbnail","hentry","category-sin-categorizar"],"yoast_head":"<!-- This site is optimized with the Yoast SEO plugin v27.5 - https:\/\/yoast.com\/product\/yoast-seo-wordpress\/ -->\n<title>Consulado General de la Rep\u00fablica Dominicana en Miami particip\u00f3 en un tour en la Torre de la Libertad - Consulado General de la Rep\u00fablica Dominicana en Miami, Florida, EE. UU.<\/title>\n<meta name=\"robots\" content=\"index, follow, max-snippet:-1, max-image-preview:large, max-video-preview:-1\" \/>\n<link rel=\"canonical\" href=\"https:\/\/usa.mirex.gob.do\/consular\/miami\/consulado-general-de-la-republica-dominicana-en-miami-participo-en-un-tour-en-la-torre-de-la-libertad\/\" \/>\n<meta property=\"og:locale\" content=\"en_US\" \/>\n<meta property=\"og:type\" content=\"article\" \/>\n<meta property=\"og:title\" content=\"Consulado General de la Rep\u00fablica Dominicana en Miami particip\u00f3 en un tour en la Torre de la Libertad - Consulado General de la Rep\u00fablica Dominicana en Miami, Florida, EE. UU.\" \/>\n<meta property=\"og:description\" content=\"Consulado General de la Rep\u00fablica Dominicana en Miami particip\u00f3 en un tour en la Torre de la Libertad (The Freedom Tower), una visita que permiti\u00f3 profundizar en la historia del exilio cubano y reconocer su impacto social, cultural y econ\u00f3mico en la ciudad de Miami. Agradecemos cordialmente la invitaci\u00f3n al Miami Dade College y a [&hellip;]\" \/>\n<meta property=\"og:url\" content=\"https:\/\/usa.mirex.gob.do\/consular\/miami\/consulado-general-de-la-republica-dominicana-en-miami-participo-en-un-tour-en-la-torre-de-la-libertad\/\" \/>\n<meta property=\"og:site_name\" content=\"Consulado General de la Rep\u00fablica Dominicana en Miami, Florida, EE. UU.\" \/>\n<meta property=\"article:published_time\" content=\"2026-02-19T23:57:52+00:00\" \/>\n<meta property=\"article:modified_time\" content=\"2026-02-24T23:59:14+00:00\" \/>\n<meta property=\"og:image\" content=\"https:\/\/usa.mirex.gob.do\/consular\/miami\/wp-content\/uploads\/2026\/02\/636699558_18336753301210519_6619503722688866799_n.jpg\" \/>\n\t<meta property=\"og:image:width\" content=\"1080\" \/>\n\t<meta property=\"og:image:height\" content=\"1440\" \/>\n\t<meta property=\"og:image:type\" content=\"image\/jpeg\" \/>\n<meta name=\"author\" content=\"Daviana Mazara\" \/>\n<meta name=\"twitter:card\" content=\"summary_large_image\" \/>\n<meta name=\"twitter:label1\" content=\"Written by\" \/>\n\t<meta name=\"twitter:data1\" content=\"Daviana Mazara\" \/>\n<script type=\"application\/ld+json\" class=\"yoast-schema-graph\">{\"@context\":\"https:\\\/\\\/schema.org\",\"@graph\":[{\"@type\":\"Article\",\"@id\":\"https:\\\/\\\/usa.mirex.gob.do\\\/consular\\\/miami\\\/consulado-general-de-la-republica-dominicana-en-miami-participo-en-un-tour-en-la-torre-de-la-libertad\\\/#article\",\"isPartOf\":{\"@id\":\"https:\\\/\\\/usa.mirex.gob.do\\\/consular\\\/miami\\\/consulado-general-de-la-republica-dominicana-en-miami-participo-en-un-tour-en-la-torre-de-la-libertad\\\/\"},\"author\":{\"name\":\"Daviana Mazara\",\"@id\":\"https:\\\/\\\/usa.mirex.gob.do\\\/consular\\\/miami\\\/#\\\/schema\\\/person\\\/9d8ceb46a3ca584b333625e07beaa56d\"},\"headline\":\"Consulado General de la Rep\u00fablica Dominicana en Miami particip\u00f3 en un tour en la Torre de la Libertad\",\"datePublished\":\"2026-02-19T23:57:52+00:00\",\"dateModified\":\"2026-02-24T23:59:14+00:00\",\"mainEntityOfPage\":{\"@id\":\"https:\\\/\\\/usa.mirex.gob.do\\\/consular\\\/miami\\\/consulado-general-de-la-republica-dominicana-en-miami-participo-en-un-tour-en-la-torre-de-la-libertad\\\/\"},\"wordCount\":94,\"publisher\":{\"@id\":\"https:\\\/\\\/usa.mirex.gob.do\\\/consular\\\/miami\\\/#organization\"},\"image\":{\"@id\":\"https:\\\/\\\/usa.mirex.gob.do\\\/consular\\\/miami\\\/consulado-general-de-la-republica-dominicana-en-miami-participo-en-un-tour-en-la-torre-de-la-libertad\\\/#primaryimage\"},\"thumbnailUrl\":\"https:\\\/\\\/usa.mirex.gob.do\\\/consular\\\/miami\\\/wp-content\\\/uploads\\\/2026\\\/02\\\/636699558_18336753301210519_6619503722688866799_n.jpg\",\"articleSection\":[\"Sin categorizar\"],\"inLanguage\":\"en-US\"},{\"@type\":\"WebPage\",\"@id\":\"https:\\\/\\\/usa.mirex.gob.do\\\/consular\\\/miami\\\/consulado-general-de-la-republica-dominicana-en-miami-participo-en-un-tour-en-la-torre-de-la-libertad\\\/\",\"url\":\"https:\\\/\\\/usa.mirex.gob.do\\\/consular\\\/miami\\\/consulado-general-de-la-republica-dominicana-en-miami-participo-en-un-tour-en-la-torre-de-la-libertad\\\/\",\"name\":\"Consulado General de la Rep\u00fablica Dominicana en Miami particip\u00f3 en un tour en la Torre de la Libertad - Consulado General de la Rep\u00fablica Dominicana en Miami, Florida, EE. UU.\",\"isPartOf\":{\"@id\":\"https:\\\/\\\/usa.mirex.gob.do\\\/consular\\\/miami\\\/#website\"},\"primaryImageOfPage\":{\"@id\":\"https:\\\/\\\/usa.mirex.gob.do\\\/consular\\\/miami\\\/consulado-general-de-la-republica-dominicana-en-miami-participo-en-un-tour-en-la-torre-de-la-libertad\\\/#primaryimage\"},\"image\":{\"@id\":\"https:\\\/\\\/usa.mirex.gob.do\\\/consular\\\/miami\\\/consulado-general-de-la-republica-dominicana-en-miami-participo-en-un-tour-en-la-torre-de-la-libertad\\\/#primaryimage\"},\"thumbnailUrl\":\"https:\\\/\\\/usa.mirex.gob.do\\\/consular\\\/miami\\\/wp-content\\\/uploads\\\/2026\\\/02\\\/636699558_18336753301210519_6619503722688866799_n.jpg\",\"datePublished\":\"2026-02-19T23:57:52+00:00\",\"dateModified\":\"2026-02-24T23:59:14+00:00\",\"breadcrumb\":{\"@id\":\"https:\\\/\\\/usa.mirex.gob.do\\\/consular\\\/miami\\\/consulado-general-de-la-republica-dominicana-en-miami-participo-en-un-tour-en-la-torre-de-la-libertad\\\/#breadcrumb\"},\"inLanguage\":\"en-US\",\"potentialAction\":[{\"@type\":\"ReadAction\",\"target\":[\"https:\\\/\\\/usa.mirex.gob.do\\\/consular\\\/miami\\\/consulado-general-de-la-republica-dominicana-en-miami-participo-en-un-tour-en-la-torre-de-la-libertad\\\/\"]}]},{\"@type\":\"ImageObject\",\"inLanguage\":\"en-US\",\"@id\":\"https:\\\/\\\/usa.mirex.gob.do\\\/consular\\\/miami\\\/consulado-general-de-la-republica-dominicana-en-miami-participo-en-un-tour-en-la-torre-de-la-libertad\\\/#primaryimage\",\"url\":\"https:\\\/\\\/usa.mirex.gob.do\\\/consular\\\/miami\\\/wp-content\\\/uploads\\\/2026\\\/02\\\/636699558_18336753301210519_6619503722688866799_n.jpg\",\"contentUrl\":\"https:\\\/\\\/usa.mirex.gob.do\\\/consular\\\/miami\\\/wp-content\\\/uploads\\\/2026\\\/02\\\/636699558_18336753301210519_6619503722688866799_n.jpg\",\"width\":1080,\"height\":1440},{\"@type\":\"BreadcrumbList\",\"@id\":\"https:\\\/\\\/usa.mirex.gob.do\\\/consular\\\/miami\\\/consulado-general-de-la-republica-dominicana-en-miami-participo-en-un-tour-en-la-torre-de-la-libertad\\\/#breadcrumb\",\"itemListElement\":[{\"@type\":\"ListItem\",\"position\":1,\"name\":\"Inicio\",\"item\":\"https:\\\/\\\/usa.mirex.gob.do\\\/consular\\\/miami\\\/\"},{\"@type\":\"ListItem\",\"position\":2,\"name\":\"Consulado General de la Rep\u00fablica Dominicana en Miami particip\u00f3 en un tour en la Torre de la Libertad\"}]},{\"@type\":\"WebSite\",\"@id\":\"https:\\\/\\\/usa.mirex.gob.do\\\/consular\\\/miami\\\/#website\",\"url\":\"https:\\\/\\\/usa.mirex.gob.do\\\/consular\\\/miami\\\/\",\"name\":\"Consulado General de la Rep\u00fablica Dominicana en Miami, Florida, EE. UU.\",\"description\":\"\",\"publisher\":{\"@id\":\"https:\\\/\\\/usa.mirex.gob.do\\\/consular\\\/miami\\\/#organization\"},\"potentialAction\":[{\"@type\":\"SearchAction\",\"target\":{\"@type\":\"EntryPoint\",\"urlTemplate\":\"https:\\\/\\\/usa.mirex.gob.do\\\/consular\\\/miami\\\/?s={search_term_string}\"},\"query-input\":{\"@type\":\"PropertyValueSpecification\",\"valueRequired\":true,\"valueName\":\"search_term_string\"}}],\"inLanguage\":\"en-US\"},{\"@type\":\"Organization\",\"@id\":\"https:\\\/\\\/usa.mirex.gob.do\\\/consular\\\/miami\\\/#organization\",\"name\":\"Consulado General de la Rep\u00fablica Dominicana en Miami, Florida, EE. UU.\",\"url\":\"https:\\\/\\\/usa.mirex.gob.do\\\/consular\\\/miami\\\/\",\"logo\":{\"@type\":\"ImageObject\",\"inLanguage\":\"en-US\",\"@id\":\"https:\\\/\\\/usa.mirex.gob.do\\\/consular\\\/miami\\\/#\\\/schema\\\/logo\\\/image\\\/\",\"url\":\"https:\\\/\\\/usa.mirex.gob.do\\\/consular\\\/miami\\\/wp-content\\\/uploads\\\/2022\\\/05\\\/CONSULADO-MIAMI-RD-04.png\",\"contentUrl\":\"https:\\\/\\\/usa.mirex.gob.do\\\/consular\\\/miami\\\/wp-content\\\/uploads\\\/2022\\\/05\\\/CONSULADO-MIAMI-RD-04.png\",\"width\":4163,\"height\":1789,\"caption\":\"Consulado General de la Rep\u00fablica Dominicana en Miami, Florida, EE. UU.\"},\"image\":{\"@id\":\"https:\\\/\\\/usa.mirex.gob.do\\\/consular\\\/miami\\\/#\\\/schema\\\/logo\\\/image\\\/\"}},{\"@type\":\"Person\",\"@id\":\"https:\\\/\\\/usa.mirex.gob.do\\\/consular\\\/miami\\\/#\\\/schema\\\/person\\\/9d8ceb46a3ca584b333625e07beaa56d\",\"name\":\"Daviana Mazara\",\"image\":{\"@type\":\"ImageObject\",\"inLanguage\":\"en-US\",\"@id\":\"https:\\\/\\\/secure.gravatar.com\\\/avatar\\\/62af1917d82fb78b347747592791212e43f59b982f0291e25e701078e6cc5555?s=96&d=mm&r=g\",\"url\":\"https:\\\/\\\/secure.gravatar.com\\\/avatar\\\/62af1917d82fb78b347747592791212e43f59b982f0291e25e701078e6cc5555?s=96&d=mm&r=g\",\"contentUrl\":\"https:\\\/\\\/secure.gravatar.com\\\/avatar\\\/62af1917d82fb78b347747592791212e43f59b982f0291e25e701078e6cc5555?s=96&d=mm&r=g\",\"caption\":\"Daviana Mazara\"}}]}<\/script>\n<!-- \/ Yoast SEO plugin. -->","yoast_head_json":{"title":"Consulado General de la Rep\u00fablica Dominicana en Miami particip\u00f3 en un tour en la Torre de la Libertad - Consulado General de la Rep\u00fablica Dominicana en Miami, Florida, EE. UU.","robots":{"index":"index","follow":"follow","max-snippet":"max-snippet:-1","max-image-preview":"max-image-preview:large","max-video-preview":"max-video-preview:-1"},"canonical":"https:\/\/usa.mirex.gob.do\/consular\/miami\/consulado-general-de-la-republica-dominicana-en-miami-participo-en-un-tour-en-la-torre-de-la-libertad\/","og_locale":"en_US","og_type":"article","og_title":"Consulado General de la Rep\u00fablica Dominicana en Miami particip\u00f3 en un tour en la Torre de la Libertad - Consulado General de la Rep\u00fablica Dominicana en Miami, Florida, EE. UU.","og_description":"Consulado General de la Rep\u00fablica Dominicana en Miami particip\u00f3 en un tour en la Torre de la Libertad (The Freedom Tower), una visita que permiti\u00f3 profundizar en la historia del exilio cubano y reconocer su impacto social, cultural y econ\u00f3mico en la ciudad de Miami. Agradecemos cordialmente la invitaci\u00f3n al Miami Dade College y a [&hellip;]","og_url":"https:\/\/usa.mirex.gob.do\/consular\/miami\/consulado-general-de-la-republica-dominicana-en-miami-participo-en-un-tour-en-la-torre-de-la-libertad\/","og_site_name":"Consulado General de la Rep\u00fablica Dominicana en Miami, Florida, EE. UU.","article_published_time":"2026-02-19T23:57:52+00:00","article_modified_time":"2026-02-24T23:59:14+00:00","og_image":[{"width":1080,"height":1440,"url":"https:\/\/usa.mirex.gob.do\/consular\/miami\/wp-content\/uploads\/2026\/02\/636699558_18336753301210519_6619503722688866799_n.jpg","type":"image\/jpeg"}],"author":"Daviana Mazara","twitter_card":"summary_large_image","twitter_misc":{"Written by":"Daviana Mazara"},"schema":{"@context":"https:\/\/schema.org","@graph":[{"@type":"Article","@id":"https:\/\/usa.mirex.gob.do\/consular\/miami\/consulado-general-de-la-republica-dominicana-en-miami-participo-en-un-tour-en-la-torre-de-la-libertad\/#article","isPartOf":{"@id":"https:\/\/usa.mirex.gob.do\/consular\/miami\/consulado-general-de-la-republica-dominicana-en-miami-participo-en-un-tour-en-la-torre-de-la-libertad\/"},"author":{"name":"Daviana Mazara","@id":"https:\/\/usa.mirex.gob.do\/consular\/miami\/#\/schema\/person\/9d8ceb46a3ca584b333625e07beaa56d"},"headline":"Consulado General de la Rep\u00fablica Dominicana en Miami particip\u00f3 en un tour en la Torre de la Libertad","datePublished":"2026-02-19T23:57:52+00:00","dateModified":"2026-02-24T23:59:14+00:00","mainEntityOfPage":{"@id":"https:\/\/usa.mirex.gob.do\/consular\/miami\/consulado-general-de-la-republica-dominicana-en-miami-participo-en-un-tour-en-la-torre-de-la-libertad\/"},"wordCount":94,"publisher":{"@id":"https:\/\/usa.mirex.gob.do\/consular\/miami\/#organization"},"image":{"@id":"https:\/\/usa.mirex.gob.do\/consular\/miami\/consulado-general-de-la-republica-dominicana-en-miami-participo-en-un-tour-en-la-torre-de-la-libertad\/#primaryimage"},"thumbnailUrl":"https:\/\/usa.mirex.gob.do\/consular\/miami\/wp-content\/uploads\/2026\/02\/636699558_18336753301210519_6619503722688866799_n.jpg","articleSection":["Sin categorizar"],"inLanguage":"en-US"},{"@type":"WebPage","@id":"https:\/\/usa.mirex.gob.do\/consular\/miami\/consulado-general-de-la-republica-dominicana-en-miami-participo-en-un-tour-en-la-torre-de-la-libertad\/","url":"https:\/\/usa.mirex.gob.do\/consular\/miami\/consulado-general-de-la-republica-dominicana-en-miami-participo-en-un-tour-en-la-torre-de-la-libertad\/","name":"Consulado General de la Rep\u00fablica Dominicana en Miami particip\u00f3 en un tour en la Torre de la Libertad - Consulado General de la Rep\u00fablica Dominicana en Miami, Florida, EE. UU.","isPartOf":{"@id":"https:\/\/usa.mirex.gob.do\/consular\/miami\/#website"},"primaryImageOfPage":{"@id":"https:\/\/usa.mirex.gob.do\/consular\/miami\/consulado-general-de-la-republica-dominicana-en-miami-participo-en-un-tour-en-la-torre-de-la-libertad\/#primaryimage"},"image":{"@id":"https:\/\/usa.mirex.gob.do\/consular\/miami\/consulado-general-de-la-republica-dominicana-en-miami-participo-en-un-tour-en-la-torre-de-la-libertad\/#primaryimage"},"thumbnailUrl":"https:\/\/usa.mirex.gob.do\/consular\/miami\/wp-content\/uploads\/2026\/02\/636699558_18336753301210519_6619503722688866799_n.jpg","datePublished":"2026-02-19T23:57:52+00:00","dateModified":"2026-02-24T23:59:14+00:00","breadcrumb":{"@id":"https:\/\/usa.mirex.gob.do\/consular\/miami\/consulado-general-de-la-republica-dominicana-en-miami-participo-en-un-tour-en-la-torre-de-la-libertad\/#breadcrumb"},"inLanguage":"en-US","potentialAction":[{"@type":"ReadAction","target":["https:\/\/usa.mirex.gob.do\/consular\/miami\/consulado-general-de-la-republica-dominicana-en-miami-participo-en-un-tour-en-la-torre-de-la-libertad\/"]}]},{"@type":"ImageObject","inLanguage":"en-US","@id":"https:\/\/usa.mirex.gob.do\/consular\/miami\/consulado-general-de-la-republica-dominicana-en-miami-participo-en-un-tour-en-la-torre-de-la-libertad\/#primaryimage","url":"https:\/\/usa.mirex.gob.do\/consular\/miami\/wp-content\/uploads\/2026\/02\/636699558_18336753301210519_6619503722688866799_n.jpg","contentUrl":"https:\/\/usa.mirex.gob.do\/consular\/miami\/wp-content\/uploads\/2026\/02\/636699558_18336753301210519_6619503722688866799_n.jpg","width":1080,"height":1440},{"@type":"BreadcrumbList","@id":"https:\/\/usa.mirex.gob.do\/consular\/miami\/consulado-general-de-la-republica-dominicana-en-miami-participo-en-un-tour-en-la-torre-de-la-libertad\/#breadcrumb","itemListElement":[{"@type":"ListItem","position":1,"name":"Inicio","item":"https:\/\/usa.mirex.gob.do\/consular\/miami\/"},{"@type":"ListItem","position":2,"name":"Consulado General de la Rep\u00fablica Dominicana en Miami particip\u00f3 en un tour en la Torre de la Libertad"}]},{"@type":"WebSite","@id":"https:\/\/usa.mirex.gob.do\/consular\/miami\/#website","url":"https:\/\/usa.mirex.gob.do\/consular\/miami\/","name":"Consulado General de la Rep\u00fablica Dominicana en Miami, Florida, EE. UU.","description":"","publisher":{"@id":"https:\/\/usa.mirex.gob.do\/consular\/miami\/#organization"},"potentialAction":[{"@type":"SearchAction","target":{"@type":"EntryPoint","urlTemplate":"https:\/\/usa.mirex.gob.do\/consular\/miami\/?s={search_term_string}"},"query-input":{"@type":"PropertyValueSpecification","valueRequired":true,"valueName":"search_term_string"}}],"inLanguage":"en-US"},{"@type":"Organization","@id":"https:\/\/usa.mirex.gob.do\/consular\/miami\/#organization","name":"Consulado General de la Rep\u00fablica Dominicana en Miami, Florida, EE. UU.","url":"https:\/\/usa.mirex.gob.do\/consular\/miami\/","logo":{"@type":"ImageObject","inLanguage":"en-US","@id":"https:\/\/usa.mirex.gob.do\/consular\/miami\/#\/schema\/logo\/image\/","url":"https:\/\/usa.mirex.gob.do\/consular\/miami\/wp-content\/uploads\/2022\/05\/CONSULADO-MIAMI-RD-04.png","contentUrl":"https:\/\/usa.mirex.gob.do\/consular\/miami\/wp-content\/uploads\/2022\/05\/CONSULADO-MIAMI-RD-04.png","width":4163,"height":1789,"caption":"Consulado General de la Rep\u00fablica Dominicana en Miami, Florida, EE. UU."},"image":{"@id":"https:\/\/usa.mirex.gob.do\/consular\/miami\/#\/schema\/logo\/image\/"}},{"@type":"Person","@id":"https:\/\/usa.mirex.gob.do\/consular\/miami\/#\/schema\/person\/9d8ceb46a3ca584b333625e07beaa56d","name":"Daviana Mazara","image":{"@type":"ImageObject","inLanguage":"en-US","@id":"https:\/\/secure.gravatar.com\/avatar\/62af1917d82fb78b347747592791212e43f59b982f0291e25e701078e6cc5555?s=96&d=mm&r=g","url":"https:\/\/secure.gravatar.com\/avatar\/62af1917d82fb78b347747592791212e43f59b982f0291e25e701078e6cc5555?s=96&d=mm&r=g","contentUrl":"https:\/\/secure.gravatar.com\/avatar\/62af1917d82fb78b347747592791212e43f59b982f0291e25e701078e6cc5555?s=96&d=mm&r=g","caption":"Daviana Mazara"}}]}},"_links":{"self":[{"href":"https:\/\/usa.mirex.gob.do\/consular\/miami\/wp-json\/wp\/v2\/posts\/6844","targetHints":{"allow":["GET"]}}],"collection":[{"href":"https:\/\/usa.mirex.gob.do\/consular\/miami\/wp-json\/wp\/v2\/posts"}],"about":[{"href":"https:\/\/usa.mirex.gob.do\/consular\/miami\/wp-json\/wp\/v2\/types\/post"}],"author":[{"embeddable":true,"href":"https:\/\/usa.mirex.gob.do\/consular\/miami\/wp-json\/wp\/v2\/users\/9"}],"replies":[{"embeddable":true,"href":"https:\/\/usa.mirex.gob.do\/consular\/miami\/wp-json\/wp\/v2\/comments?post=6844"}],"version-history":[{"count":1,"href":"https:\/\/usa.mirex.gob.do\/consular\/miami\/wp-json\/wp\/v2\/posts\/6844\/revisions"}],"predecessor-version":[{"id":6847,"href":"https:\/\/usa.mirex.gob.do\/consular\/miami\/wp-json\/wp\/v2\/posts\/6844\/revisions\/6847"}],"wp:featuredmedia":[{"embeddable":true,"href":"https:\/\/usa.mirex.gob.do\/consular\/miami\/wp-json\/wp\/v2\/media\/6846"}],"wp:attachment":[{"href":"https:\/\/usa.mirex.gob.do\/consular\/miami\/wp-json\/wp\/v2\/media?parent=6844"}],"wp:term":[{"taxonomy":"category","embeddable":true,"href":"https:\/\/usa.mirex.gob.do\/consular\/miami\/wp-json\/wp\/v2\/categories?post=6844"},{"taxonomy":"post_tag","embeddable":true,"href":"https:\/\/usa.mirex.gob.do\/consular\/miami\/wp-json\/wp\/v2\/tags?post=6844"}],"curies":[{"name":"wp","href":"https:\/\/api.w.org\/{rel}","templated":true}]}}