{"id":6848,"date":"2026-02-25T00:25:08","date_gmt":"2026-02-25T00:25:08","guid":{"rendered":"https:\/\/usa.mirex.gob.do\/consular\/miami\/?p=6848"},"modified":"2026-02-25T00:25:08","modified_gmt":"2026-02-25T00:25:08","slug":"participacion-en-el-20th-annual-dominican-american-heritage-and-cultural-week-brunch-award-ceremony","status":"publish","type":"post","link":"https:\/\/usa.mirex.gob.do\/consular\/miami\/participacion-en-el-20th-annual-dominican-american-heritage-and-cultural-week-brunch-award-ceremony\/","title":{"rendered":"Participaci\u00f3n en el 20th Annual Dominican American Heritage and Cultural Week Brunch &#038; Award Ceremony"},"content":{"rendered":"<p>En conmemoraci\u00f3n de la Semana de la Herencia Cultural Dominico-Americana 2026, el encargado interino, Lic. Gilberto Minaya, y la funcionaria consular Lissette De Le\u00f3n, participaron en el 20th Annual Dominican American Heritage and Cultural Week Brunch &amp; Award Ceremony, un espacio de reconocimiento y celebraci\u00f3n de nuestra comunidad.<\/p>\n<p>Agradecemos la cordial invitaci\u00f3n de Latinos United in Action Center, Inc. y The Hispanic Coalition, Inc., por promover iniciativas que fortalecen nuestra identidad, cultura y liderazgo.<\/p>\n<p>Reafirmamos nuestro compromiso con el fortalecimiento de los lazos culturales y el orgullo dominicano en el exterior.<\/p>\n<p>&nbsp;<\/p>\n<p><img fetchpriority=\"high\" decoding=\"async\" class=\"alignnone size-medium wp-image-6850\" src=\"https:\/\/usa.mirex.gob.do\/consular\/miami\/wp-content\/uploads\/2026\/02\/640432846_18337260385210519_5017609499682839052_n-240x300.jpg\" alt=\"\" width=\"240\" height=\"300\" srcset=\"https:\/\/usa.mirex.gob.do\/consular\/miami\/wp-content\/uploads\/2026\/02\/640432846_18337260385210519_5017609499682839052_n-240x300.jpg 240w, https:\/\/usa.mirex.gob.do\/consular\/miami\/wp-content\/uploads\/2026\/02\/640432846_18337260385210519_5017609499682839052_n-820x1024.jpg 820w, https:\/\/usa.mirex.gob.do\/consular\/miami\/wp-content\/uploads\/2026\/02\/640432846_18337260385210519_5017609499682839052_n-768x959.jpg 768w, https:\/\/usa.mirex.gob.do\/consular\/miami\/wp-content\/uploads\/2026\/02\/640432846_18337260385210519_5017609499682839052_n.jpg 1080w\" sizes=\"(max-width: 240px) 100vw, 240px\" \/> <img decoding=\"async\" class=\"alignnone size-medium wp-image-6851\" src=\"https:\/\/usa.mirex.gob.do\/consular\/miami\/wp-content\/uploads\/2026\/02\/641243299_18337260394210519_3200011631654667204_n-240x300.jpg\" alt=\"\" width=\"240\" height=\"300\" srcset=\"https:\/\/usa.mirex.gob.do\/consular\/miami\/wp-content\/uploads\/2026\/02\/641243299_18337260394210519_3200011631654667204_n-240x300.jpg 240w, https:\/\/usa.mirex.gob.do\/consular\/miami\/wp-content\/uploads\/2026\/02\/641243299_18337260394210519_3200011631654667204_n-820x1024.jpg 820w, https:\/\/usa.mirex.gob.do\/consular\/miami\/wp-content\/uploads\/2026\/02\/641243299_18337260394210519_3200011631654667204_n-768x959.jpg 768w, https:\/\/usa.mirex.gob.do\/consular\/miami\/wp-content\/uploads\/2026\/02\/641243299_18337260394210519_3200011631654667204_n.jpg 1080w\" sizes=\"(max-width: 240px) 100vw, 240px\" \/><\/p>\n","protected":false},"excerpt":{"rendered":"<p>En conmemoraci\u00f3n de la Semana de la Herencia Cultural Dominico-Americana 2026, el encargado interino, Lic. Gilberto Minaya, y la funcionaria consular Lissette De Le\u00f3n, participaron en el 20th Annual Dominican American Heritage and Cultural Week Brunch &amp; Award Ceremony, un espacio de reconocimiento y celebraci\u00f3n de nuestra comunidad. Agradecemos la cordial invitaci\u00f3n de Latinos United [&hellip;]<\/p>\n","protected":false},"author":9,"featured_media":6849,"comment_status":"closed","ping_status":"open","sticky":false,"template":"","format":"standard","meta":{"site-sidebar-layout":"default","site-content-layout":"","ast-site-content-layout":"default","site-content-style":"default","site-sidebar-style":"default","ast-global-header-display":"","ast-banner-title-visibility":"","ast-main-header-display":"","ast-hfb-above-header-display":"","ast-hfb-below-header-display":"","ast-hfb-mobile-header-display":"","site-post-title":"","ast-breadcrumbs-content":"","ast-featured-img":"","footer-sml-layout":"","ast-disable-related-posts":"","theme-transparent-header-meta":"default","adv-header-id-meta":"","stick-header-meta":"","header-above-stick-meta":"","header-main-stick-meta":"","header-below-stick-meta":"","astra-migrate-meta-layouts":"set","ast-page-background-enabled":"default","ast-page-background-meta":{"desktop":{"background-color":"","background-image":"","background-repeat":"repeat","background-position":"center center","background-size":"auto","background-attachment":"scroll","background-type":"","background-media":"","overlay-type":"","overlay-color":"","overlay-opacity":"","overlay-gradient":""},"tablet":{"background-color":"","background-image":"","background-repeat":"repeat","background-position":"center center","background-size":"auto","background-attachment":"scroll","background-type":"","background-media":"","overlay-type":"","overlay-color":"","overlay-opacity":"","overlay-gradient":""},"mobile":{"background-color":"","background-image":"","background-repeat":"repeat","background-position":"center center","background-size":"auto","background-attachment":"scroll","background-type":"","background-media":"","overlay-type":"","overlay-color":"","overlay-opacity":"","overlay-gradient":""}},"ast-content-background-meta":{"desktop":{"background-color":"var(--ast-global-color-5)","background-image":"","background-repeat":"repeat","background-position":"center center","background-size":"auto","background-attachment":"scroll","background-type":"","background-media":"","overlay-type":"","overlay-color":"","overlay-opacity":"","overlay-gradient":""},"tablet":{"background-color":"var(--ast-global-color-5)","background-image":"","background-repeat":"repeat","background-position":"center center","background-size":"auto","background-attachment":"scroll","background-type":"","background-media":"","overlay-type":"","overlay-color":"","overlay-opacity":"","overlay-gradient":""},"mobile":{"background-color":"var(--ast-global-color-5)","background-image":"","background-repeat":"repeat","background-position":"center center","background-size":"auto","background-attachment":"scroll","background-type":"","background-media":"","overlay-type":"","overlay-color":"","overlay-opacity":"","overlay-gradient":""}},"footnotes":""},"categories":[1],"tags":[],"class_list":["post-6848","post","type-post","status-publish","format-standard","has-post-thumbnail","hentry","category-sin-categorizar"],"yoast_head":"<!-- This site is optimized with the Yoast SEO plugin v27.5 - https:\/\/yoast.com\/product\/yoast-seo-wordpress\/ -->\n<title>Participaci\u00f3n en el 20th Annual Dominican American Heritage and Cultural Week Brunch &amp; Award Ceremony - Consulado General de la Rep\u00fablica Dominicana en Miami, Florida, EE. UU.<\/title>\n<meta name=\"robots\" content=\"index, follow, max-snippet:-1, max-image-preview:large, max-video-preview:-1\" \/>\n<link rel=\"canonical\" href=\"https:\/\/usa.mirex.gob.do\/consular\/miami\/participacion-en-el-20th-annual-dominican-american-heritage-and-cultural-week-brunch-award-ceremony\/\" \/>\n<meta property=\"og:locale\" content=\"en_US\" \/>\n<meta property=\"og:type\" content=\"article\" \/>\n<meta property=\"og:title\" content=\"Participaci\u00f3n en el 20th Annual Dominican American Heritage and Cultural Week Brunch &amp; Award Ceremony - Consulado General de la Rep\u00fablica Dominicana en Miami, Florida, EE. UU.\" \/>\n<meta property=\"og:description\" content=\"En conmemoraci\u00f3n de la Semana de la Herencia Cultural Dominico-Americana 2026, el encargado interino, Lic. Gilberto Minaya, y la funcionaria consular Lissette De Le\u00f3n, participaron en el 20th Annual Dominican American Heritage and Cultural Week Brunch &amp; Award Ceremony, un espacio de reconocimiento y celebraci\u00f3n de nuestra comunidad. Agradecemos la cordial invitaci\u00f3n de Latinos United [&hellip;]\" \/>\n<meta property=\"og:url\" content=\"https:\/\/usa.mirex.gob.do\/consular\/miami\/participacion-en-el-20th-annual-dominican-american-heritage-and-cultural-week-brunch-award-ceremony\/\" \/>\n<meta property=\"og:site_name\" content=\"Consulado General de la Rep\u00fablica Dominicana en Miami, Florida, EE. UU.\" \/>\n<meta property=\"article:published_time\" content=\"2026-02-25T00:25:08+00:00\" \/>\n<meta property=\"og:image\" content=\"https:\/\/usa.mirex.gob.do\/consular\/miami\/wp-content\/uploads\/2026\/02\/642963667_18337260376210519_8008996914493434297_n.jpg\" \/>\n\t<meta property=\"og:image:width\" content=\"1080\" \/>\n\t<meta property=\"og:image:height\" content=\"849\" \/>\n\t<meta property=\"og:image:type\" content=\"image\/jpeg\" \/>\n<meta name=\"author\" content=\"Daviana Mazara\" \/>\n<meta name=\"twitter:card\" content=\"summary_large_image\" \/>\n<meta name=\"twitter:label1\" content=\"Written by\" \/>\n\t<meta name=\"twitter:data1\" content=\"Daviana Mazara\" \/>\n<script type=\"application\/ld+json\" class=\"yoast-schema-graph\">{\"@context\":\"https:\\\/\\\/schema.org\",\"@graph\":[{\"@type\":\"Article\",\"@id\":\"https:\\\/\\\/usa.mirex.gob.do\\\/consular\\\/miami\\\/participacion-en-el-20th-annual-dominican-american-heritage-and-cultural-week-brunch-award-ceremony\\\/#article\",\"isPartOf\":{\"@id\":\"https:\\\/\\\/usa.mirex.gob.do\\\/consular\\\/miami\\\/participacion-en-el-20th-annual-dominican-american-heritage-and-cultural-week-brunch-award-ceremony\\\/\"},\"author\":{\"name\":\"Daviana Mazara\",\"@id\":\"https:\\\/\\\/usa.mirex.gob.do\\\/consular\\\/miami\\\/#\\\/schema\\\/person\\\/9d8ceb46a3ca584b333625e07beaa56d\"},\"headline\":\"Participaci\u00f3n en el 20th Annual Dominican American Heritage and Cultural Week Brunch &#038; Award Ceremony\",\"datePublished\":\"2026-02-25T00:25:08+00:00\",\"mainEntityOfPage\":{\"@id\":\"https:\\\/\\\/usa.mirex.gob.do\\\/consular\\\/miami\\\/participacion-en-el-20th-annual-dominican-american-heritage-and-cultural-week-brunch-award-ceremony\\\/\"},\"wordCount\":110,\"publisher\":{\"@id\":\"https:\\\/\\\/usa.mirex.gob.do\\\/consular\\\/miami\\\/#organization\"},\"image\":{\"@id\":\"https:\\\/\\\/usa.mirex.gob.do\\\/consular\\\/miami\\\/participacion-en-el-20th-annual-dominican-american-heritage-and-cultural-week-brunch-award-ceremony\\\/#primaryimage\"},\"thumbnailUrl\":\"https:\\\/\\\/usa.mirex.gob.do\\\/consular\\\/miami\\\/wp-content\\\/uploads\\\/2026\\\/02\\\/642963667_18337260376210519_8008996914493434297_n.jpg\",\"articleSection\":[\"Sin categorizar\"],\"inLanguage\":\"en-US\"},{\"@type\":\"WebPage\",\"@id\":\"https:\\\/\\\/usa.mirex.gob.do\\\/consular\\\/miami\\\/participacion-en-el-20th-annual-dominican-american-heritage-and-cultural-week-brunch-award-ceremony\\\/\",\"url\":\"https:\\\/\\\/usa.mirex.gob.do\\\/consular\\\/miami\\\/participacion-en-el-20th-annual-dominican-american-heritage-and-cultural-week-brunch-award-ceremony\\\/\",\"name\":\"Participaci\u00f3n en el 20th Annual Dominican American Heritage and Cultural Week Brunch & Award Ceremony - Consulado General de la Rep\u00fablica Dominicana en Miami, Florida, EE. UU.\",\"isPartOf\":{\"@id\":\"https:\\\/\\\/usa.mirex.gob.do\\\/consular\\\/miami\\\/#website\"},\"primaryImageOfPage\":{\"@id\":\"https:\\\/\\\/usa.mirex.gob.do\\\/consular\\\/miami\\\/participacion-en-el-20th-annual-dominican-american-heritage-and-cultural-week-brunch-award-ceremony\\\/#primaryimage\"},\"image\":{\"@id\":\"https:\\\/\\\/usa.mirex.gob.do\\\/consular\\\/miami\\\/participacion-en-el-20th-annual-dominican-american-heritage-and-cultural-week-brunch-award-ceremony\\\/#primaryimage\"},\"thumbnailUrl\":\"https:\\\/\\\/usa.mirex.gob.do\\\/consular\\\/miami\\\/wp-content\\\/uploads\\\/2026\\\/02\\\/642963667_18337260376210519_8008996914493434297_n.jpg\",\"datePublished\":\"2026-02-25T00:25:08+00:00\",\"breadcrumb\":{\"@id\":\"https:\\\/\\\/usa.mirex.gob.do\\\/consular\\\/miami\\\/participacion-en-el-20th-annual-dominican-american-heritage-and-cultural-week-brunch-award-ceremony\\\/#breadcrumb\"},\"inLanguage\":\"en-US\",\"potentialAction\":[{\"@type\":\"ReadAction\",\"target\":[\"https:\\\/\\\/usa.mirex.gob.do\\\/consular\\\/miami\\\/participacion-en-el-20th-annual-dominican-american-heritage-and-cultural-week-brunch-award-ceremony\\\/\"]}]},{\"@type\":\"ImageObject\",\"inLanguage\":\"en-US\",\"@id\":\"https:\\\/\\\/usa.mirex.gob.do\\\/consular\\\/miami\\\/participacion-en-el-20th-annual-dominican-american-heritage-and-cultural-week-brunch-award-ceremony\\\/#primaryimage\",\"url\":\"https:\\\/\\\/usa.mirex.gob.do\\\/consular\\\/miami\\\/wp-content\\\/uploads\\\/2026\\\/02\\\/642963667_18337260376210519_8008996914493434297_n.jpg\",\"contentUrl\":\"https:\\\/\\\/usa.mirex.gob.do\\\/consular\\\/miami\\\/wp-content\\\/uploads\\\/2026\\\/02\\\/642963667_18337260376210519_8008996914493434297_n.jpg\",\"width\":1080,\"height\":849},{\"@type\":\"BreadcrumbList\",\"@id\":\"https:\\\/\\\/usa.mirex.gob.do\\\/consular\\\/miami\\\/participacion-en-el-20th-annual-dominican-american-heritage-and-cultural-week-brunch-award-ceremony\\\/#breadcrumb\",\"itemListElement\":[{\"@type\":\"ListItem\",\"position\":1,\"name\":\"Inicio\",\"item\":\"https:\\\/\\\/usa.mirex.gob.do\\\/consular\\\/miami\\\/\"},{\"@type\":\"ListItem\",\"position\":2,\"name\":\"Participaci\u00f3n en el 20th Annual Dominican American Heritage and Cultural Week Brunch &#038; Award Ceremony\"}]},{\"@type\":\"WebSite\",\"@id\":\"https:\\\/\\\/usa.mirex.gob.do\\\/consular\\\/miami\\\/#website\",\"url\":\"https:\\\/\\\/usa.mirex.gob.do\\\/consular\\\/miami\\\/\",\"name\":\"Consulado General de la Rep\u00fablica Dominicana en Miami, Florida, EE. UU.\",\"description\":\"\",\"publisher\":{\"@id\":\"https:\\\/\\\/usa.mirex.gob.do\\\/consular\\\/miami\\\/#organization\"},\"potentialAction\":[{\"@type\":\"SearchAction\",\"target\":{\"@type\":\"EntryPoint\",\"urlTemplate\":\"https:\\\/\\\/usa.mirex.gob.do\\\/consular\\\/miami\\\/?s={search_term_string}\"},\"query-input\":{\"@type\":\"PropertyValueSpecification\",\"valueRequired\":true,\"valueName\":\"search_term_string\"}}],\"inLanguage\":\"en-US\"},{\"@type\":\"Organization\",\"@id\":\"https:\\\/\\\/usa.mirex.gob.do\\\/consular\\\/miami\\\/#organization\",\"name\":\"Consulado General de la Rep\u00fablica Dominicana en Miami, Florida, EE. UU.\",\"url\":\"https:\\\/\\\/usa.mirex.gob.do\\\/consular\\\/miami\\\/\",\"logo\":{\"@type\":\"ImageObject\",\"inLanguage\":\"en-US\",\"@id\":\"https:\\\/\\\/usa.mirex.gob.do\\\/consular\\\/miami\\\/#\\\/schema\\\/logo\\\/image\\\/\",\"url\":\"https:\\\/\\\/usa.mirex.gob.do\\\/consular\\\/miami\\\/wp-content\\\/uploads\\\/2022\\\/05\\\/CONSULADO-MIAMI-RD-04.png\",\"contentUrl\":\"https:\\\/\\\/usa.mirex.gob.do\\\/consular\\\/miami\\\/wp-content\\\/uploads\\\/2022\\\/05\\\/CONSULADO-MIAMI-RD-04.png\",\"width\":4163,\"height\":1789,\"caption\":\"Consulado General de la Rep\u00fablica Dominicana en Miami, Florida, EE. UU.\"},\"image\":{\"@id\":\"https:\\\/\\\/usa.mirex.gob.do\\\/consular\\\/miami\\\/#\\\/schema\\\/logo\\\/image\\\/\"}},{\"@type\":\"Person\",\"@id\":\"https:\\\/\\\/usa.mirex.gob.do\\\/consular\\\/miami\\\/#\\\/schema\\\/person\\\/9d8ceb46a3ca584b333625e07beaa56d\",\"name\":\"Daviana Mazara\",\"image\":{\"@type\":\"ImageObject\",\"inLanguage\":\"en-US\",\"@id\":\"https:\\\/\\\/secure.gravatar.com\\\/avatar\\\/62af1917d82fb78b347747592791212e43f59b982f0291e25e701078e6cc5555?s=96&d=mm&r=g\",\"url\":\"https:\\\/\\\/secure.gravatar.com\\\/avatar\\\/62af1917d82fb78b347747592791212e43f59b982f0291e25e701078e6cc5555?s=96&d=mm&r=g\",\"contentUrl\":\"https:\\\/\\\/secure.gravatar.com\\\/avatar\\\/62af1917d82fb78b347747592791212e43f59b982f0291e25e701078e6cc5555?s=96&d=mm&r=g\",\"caption\":\"Daviana Mazara\"}}]}<\/script>\n<!-- \/ Yoast SEO plugin. -->","yoast_head_json":{"title":"Participaci\u00f3n en el 20th Annual Dominican American Heritage and Cultural Week Brunch & Award Ceremony - Consulado General de la Rep\u00fablica Dominicana en Miami, Florida, EE. UU.","robots":{"index":"index","follow":"follow","max-snippet":"max-snippet:-1","max-image-preview":"max-image-preview:large","max-video-preview":"max-video-preview:-1"},"canonical":"https:\/\/usa.mirex.gob.do\/consular\/miami\/participacion-en-el-20th-annual-dominican-american-heritage-and-cultural-week-brunch-award-ceremony\/","og_locale":"en_US","og_type":"article","og_title":"Participaci\u00f3n en el 20th Annual Dominican American Heritage and Cultural Week Brunch & Award Ceremony - Consulado General de la Rep\u00fablica Dominicana en Miami, Florida, EE. UU.","og_description":"En conmemoraci\u00f3n de la Semana de la Herencia Cultural Dominico-Americana 2026, el encargado interino, Lic. Gilberto Minaya, y la funcionaria consular Lissette De Le\u00f3n, participaron en el 20th Annual Dominican American Heritage and Cultural Week Brunch &amp; Award Ceremony, un espacio de reconocimiento y celebraci\u00f3n de nuestra comunidad. Agradecemos la cordial invitaci\u00f3n de Latinos United [&hellip;]","og_url":"https:\/\/usa.mirex.gob.do\/consular\/miami\/participacion-en-el-20th-annual-dominican-american-heritage-and-cultural-week-brunch-award-ceremony\/","og_site_name":"Consulado General de la Rep\u00fablica Dominicana en Miami, Florida, EE. UU.","article_published_time":"2026-02-25T00:25:08+00:00","og_image":[{"width":1080,"height":849,"url":"https:\/\/usa.mirex.gob.do\/consular\/miami\/wp-content\/uploads\/2026\/02\/642963667_18337260376210519_8008996914493434297_n.jpg","type":"image\/jpeg"}],"author":"Daviana Mazara","twitter_card":"summary_large_image","twitter_misc":{"Written by":"Daviana Mazara"},"schema":{"@context":"https:\/\/schema.org","@graph":[{"@type":"Article","@id":"https:\/\/usa.mirex.gob.do\/consular\/miami\/participacion-en-el-20th-annual-dominican-american-heritage-and-cultural-week-brunch-award-ceremony\/#article","isPartOf":{"@id":"https:\/\/usa.mirex.gob.do\/consular\/miami\/participacion-en-el-20th-annual-dominican-american-heritage-and-cultural-week-brunch-award-ceremony\/"},"author":{"name":"Daviana Mazara","@id":"https:\/\/usa.mirex.gob.do\/consular\/miami\/#\/schema\/person\/9d8ceb46a3ca584b333625e07beaa56d"},"headline":"Participaci\u00f3n en el 20th Annual Dominican American Heritage and Cultural Week Brunch &#038; Award Ceremony","datePublished":"2026-02-25T00:25:08+00:00","mainEntityOfPage":{"@id":"https:\/\/usa.mirex.gob.do\/consular\/miami\/participacion-en-el-20th-annual-dominican-american-heritage-and-cultural-week-brunch-award-ceremony\/"},"wordCount":110,"publisher":{"@id":"https:\/\/usa.mirex.gob.do\/consular\/miami\/#organization"},"image":{"@id":"https:\/\/usa.mirex.gob.do\/consular\/miami\/participacion-en-el-20th-annual-dominican-american-heritage-and-cultural-week-brunch-award-ceremony\/#primaryimage"},"thumbnailUrl":"https:\/\/usa.mirex.gob.do\/consular\/miami\/wp-content\/uploads\/2026\/02\/642963667_18337260376210519_8008996914493434297_n.jpg","articleSection":["Sin categorizar"],"inLanguage":"en-US"},{"@type":"WebPage","@id":"https:\/\/usa.mirex.gob.do\/consular\/miami\/participacion-en-el-20th-annual-dominican-american-heritage-and-cultural-week-brunch-award-ceremony\/","url":"https:\/\/usa.mirex.gob.do\/consular\/miami\/participacion-en-el-20th-annual-dominican-american-heritage-and-cultural-week-brunch-award-ceremony\/","name":"Participaci\u00f3n en el 20th Annual Dominican American Heritage and Cultural Week Brunch & Award Ceremony - Consulado General de la Rep\u00fablica Dominicana en Miami, Florida, EE. UU.","isPartOf":{"@id":"https:\/\/usa.mirex.gob.do\/consular\/miami\/#website"},"primaryImageOfPage":{"@id":"https:\/\/usa.mirex.gob.do\/consular\/miami\/participacion-en-el-20th-annual-dominican-american-heritage-and-cultural-week-brunch-award-ceremony\/#primaryimage"},"image":{"@id":"https:\/\/usa.mirex.gob.do\/consular\/miami\/participacion-en-el-20th-annual-dominican-american-heritage-and-cultural-week-brunch-award-ceremony\/#primaryimage"},"thumbnailUrl":"https:\/\/usa.mirex.gob.do\/consular\/miami\/wp-content\/uploads\/2026\/02\/642963667_18337260376210519_8008996914493434297_n.jpg","datePublished":"2026-02-25T00:25:08+00:00","breadcrumb":{"@id":"https:\/\/usa.mirex.gob.do\/consular\/miami\/participacion-en-el-20th-annual-dominican-american-heritage-and-cultural-week-brunch-award-ceremony\/#breadcrumb"},"inLanguage":"en-US","potentialAction":[{"@type":"ReadAction","target":["https:\/\/usa.mirex.gob.do\/consular\/miami\/participacion-en-el-20th-annual-dominican-american-heritage-and-cultural-week-brunch-award-ceremony\/"]}]},{"@type":"ImageObject","inLanguage":"en-US","@id":"https:\/\/usa.mirex.gob.do\/consular\/miami\/participacion-en-el-20th-annual-dominican-american-heritage-and-cultural-week-brunch-award-ceremony\/#primaryimage","url":"https:\/\/usa.mirex.gob.do\/consular\/miami\/wp-content\/uploads\/2026\/02\/642963667_18337260376210519_8008996914493434297_n.jpg","contentUrl":"https:\/\/usa.mirex.gob.do\/consular\/miami\/wp-content\/uploads\/2026\/02\/642963667_18337260376210519_8008996914493434297_n.jpg","width":1080,"height":849},{"@type":"BreadcrumbList","@id":"https:\/\/usa.mirex.gob.do\/consular\/miami\/participacion-en-el-20th-annual-dominican-american-heritage-and-cultural-week-brunch-award-ceremony\/#breadcrumb","itemListElement":[{"@type":"ListItem","position":1,"name":"Inicio","item":"https:\/\/usa.mirex.gob.do\/consular\/miami\/"},{"@type":"ListItem","position":2,"name":"Participaci\u00f3n en el 20th Annual Dominican American Heritage and Cultural Week Brunch &#038; Award Ceremony"}]},{"@type":"WebSite","@id":"https:\/\/usa.mirex.gob.do\/consular\/miami\/#website","url":"https:\/\/usa.mirex.gob.do\/consular\/miami\/","name":"Consulado General de la Rep\u00fablica Dominicana en Miami, Florida, EE. UU.","description":"","publisher":{"@id":"https:\/\/usa.mirex.gob.do\/consular\/miami\/#organization"},"potentialAction":[{"@type":"SearchAction","target":{"@type":"EntryPoint","urlTemplate":"https:\/\/usa.mirex.gob.do\/consular\/miami\/?s={search_term_string}"},"query-input":{"@type":"PropertyValueSpecification","valueRequired":true,"valueName":"search_term_string"}}],"inLanguage":"en-US"},{"@type":"Organization","@id":"https:\/\/usa.mirex.gob.do\/consular\/miami\/#organization","name":"Consulado General de la Rep\u00fablica Dominicana en Miami, Florida, EE. UU.","url":"https:\/\/usa.mirex.gob.do\/consular\/miami\/","logo":{"@type":"ImageObject","inLanguage":"en-US","@id":"https:\/\/usa.mirex.gob.do\/consular\/miami\/#\/schema\/logo\/image\/","url":"https:\/\/usa.mirex.gob.do\/consular\/miami\/wp-content\/uploads\/2022\/05\/CONSULADO-MIAMI-RD-04.png","contentUrl":"https:\/\/usa.mirex.gob.do\/consular\/miami\/wp-content\/uploads\/2022\/05\/CONSULADO-MIAMI-RD-04.png","width":4163,"height":1789,"caption":"Consulado General de la Rep\u00fablica Dominicana en Miami, Florida, EE. UU."},"image":{"@id":"https:\/\/usa.mirex.gob.do\/consular\/miami\/#\/schema\/logo\/image\/"}},{"@type":"Person","@id":"https:\/\/usa.mirex.gob.do\/consular\/miami\/#\/schema\/person\/9d8ceb46a3ca584b333625e07beaa56d","name":"Daviana Mazara","image":{"@type":"ImageObject","inLanguage":"en-US","@id":"https:\/\/secure.gravatar.com\/avatar\/62af1917d82fb78b347747592791212e43f59b982f0291e25e701078e6cc5555?s=96&d=mm&r=g","url":"https:\/\/secure.gravatar.com\/avatar\/62af1917d82fb78b347747592791212e43f59b982f0291e25e701078e6cc5555?s=96&d=mm&r=g","contentUrl":"https:\/\/secure.gravatar.com\/avatar\/62af1917d82fb78b347747592791212e43f59b982f0291e25e701078e6cc5555?s=96&d=mm&r=g","caption":"Daviana Mazara"}}]}},"_links":{"self":[{"href":"https:\/\/usa.mirex.gob.do\/consular\/miami\/wp-json\/wp\/v2\/posts\/6848","targetHints":{"allow":["GET"]}}],"collection":[{"href":"https:\/\/usa.mirex.gob.do\/consular\/miami\/wp-json\/wp\/v2\/posts"}],"about":[{"href":"https:\/\/usa.mirex.gob.do\/consular\/miami\/wp-json\/wp\/v2\/types\/post"}],"author":[{"embeddable":true,"href":"https:\/\/usa.mirex.gob.do\/consular\/miami\/wp-json\/wp\/v2\/users\/9"}],"replies":[{"embeddable":true,"href":"https:\/\/usa.mirex.gob.do\/consular\/miami\/wp-json\/wp\/v2\/comments?post=6848"}],"version-history":[{"count":1,"href":"https:\/\/usa.mirex.gob.do\/consular\/miami\/wp-json\/wp\/v2\/posts\/6848\/revisions"}],"predecessor-version":[{"id":6852,"href":"https:\/\/usa.mirex.gob.do\/consular\/miami\/wp-json\/wp\/v2\/posts\/6848\/revisions\/6852"}],"wp:featuredmedia":[{"embeddable":true,"href":"https:\/\/usa.mirex.gob.do\/consular\/miami\/wp-json\/wp\/v2\/media\/6849"}],"wp:attachment":[{"href":"https:\/\/usa.mirex.gob.do\/consular\/miami\/wp-json\/wp\/v2\/media?parent=6848"}],"wp:term":[{"taxonomy":"category","embeddable":true,"href":"https:\/\/usa.mirex.gob.do\/consular\/miami\/wp-json\/wp\/v2\/categories?post=6848"},{"taxonomy":"post_tag","embeddable":true,"href":"https:\/\/usa.mirex.gob.do\/consular\/miami\/wp-json\/wp\/v2\/tags?post=6848"}],"curies":[{"name":"wp","href":"https:\/\/api.w.org\/{rel}","templated":true}]}}