{"id":6385,"date":"2025-06-23T17:37:28","date_gmt":"2025-06-23T17:37:28","guid":{"rendered":"https:\/\/usa.mirex.gob.do\/consular\/new-orleans\/?p=6385"},"modified":"2025-06-23T17:37:28","modified_gmt":"2025-06-23T17:37:28","slug":"dominicanos-en-new-orleans-celebran-el-lanzamiento-del-programa-radial-digital-cultura-deportiva-y-mas","status":"publish","type":"post","link":"https:\/\/usa.mirex.gob.do\/consular\/new-orleans\/dominicanos-en-new-orleans-celebran-el-lanzamiento-del-programa-radial-digital-cultura-deportiva-y-mas\/","title":{"rendered":"Dominicanos en New Orleans celebran el lanzamiento del programa radial digital \u201cCultura Deportiva y M\u00e1s\u201d"},"content":{"rendered":"<p><img fetchpriority=\"high\" decoding=\"async\" class=\"wp-image-6387 alignright\" src=\"https:\/\/usa.mirex.gob.do\/consular\/new-orleans\/wp-content\/uploads\/2025\/06\/Imagen-de-WhatsApp-2025-06-23-a-las-10.03.17_2e321fa2.jpg\" alt=\"\" width=\"338\" height=\"451\" srcset=\"https:\/\/usa.mirex.gob.do\/consular\/new-orleans\/wp-content\/uploads\/2025\/06\/Imagen-de-WhatsApp-2025-06-23-a-las-10.03.17_2e321fa2.jpg 1200w, https:\/\/usa.mirex.gob.do\/consular\/new-orleans\/wp-content\/uploads\/2025\/06\/Imagen-de-WhatsApp-2025-06-23-a-las-10.03.17_2e321fa2-225x300.jpg 225w, https:\/\/usa.mirex.gob.do\/consular\/new-orleans\/wp-content\/uploads\/2025\/06\/Imagen-de-WhatsApp-2025-06-23-a-las-10.03.17_2e321fa2-768x1024.jpg 768w, https:\/\/usa.mirex.gob.do\/consular\/new-orleans\/wp-content\/uploads\/2025\/06\/Imagen-de-WhatsApp-2025-06-23-a-las-10.03.17_2e321fa2-1152x1536.jpg 1152w\" sizes=\"(max-width: 338px) 100vw, 338px\" \/><\/p>\n<p style=\"text-align: left;\">New Orleans, LA. \u2013 Con gran entusiasmo se llev\u00f3 a cabo el pasado mi\u00e9rcoles 18 de junio el lanzamiento del programa radial digital Cultura Deportiva y M\u00e1s, una nueva propuesta comunicacional impulsada por un miembro destacado de la comunidad dominicana en esta ciudad.<\/p>\n<p style=\"text-align: left;\">La actividad se realiz\u00f3 en el Anfiteatro del Museo del Jazz y cont\u00f3 con la presencia de la c\u00f3nsul general de la Rep\u00fablica Dominicana en New Orleans, Yanina Torres, quien asisti\u00f3 junto a parte del equipo consular en muestra de respaldo a esta iniciativa que busca promover el deporte, la cultura y los valores de nuestra di\u00e1spora.<\/p>\n<p style=\"text-align: left;\">Durante el evento se destac\u00f3 la importancia de generar espacios que sirvan como plataforma para visibilizar el talento dominicano en el exterior, y se valor\u00f3 el compromiso del nuevo programa con la comunidad local y con la proyecci\u00f3n positiva de la Rep\u00fablica Dominicana.<\/p>\n<p style=\"text-align: left;\">El programa Cultura Deportiva y M\u00e1s estar\u00e1 disponible en formato digital, y promete ser un punto de encuentro para la difusi\u00f3n de temas deportivos, entrevistas, an\u00e1lisis y contenidos culturales, contribuyendo as\u00ed al fortalecimiento de la identidad y la uni\u00f3n entre dominicanos en\u00a0el\u00a0extranjero.<\/p>\n<p>&nbsp;<\/p>\n<p>&nbsp;<\/p>\n","protected":false},"excerpt":{"rendered":"<p>New Orleans, LA. \u2013 Con gran entusiasmo se llev\u00f3 a cabo el pasado mi\u00e9rcoles 18 de junio el lanzamiento del programa radial digital Cultura Deportiva y M\u00e1s, una nueva propuesta comunicacional impulsada por un miembro destacado de la comunidad dominicana en esta ciudad. La actividad se realiz\u00f3 en el Anfiteatro del Museo del Jazz y [&hellip;]<\/p>\n","protected":false},"author":8,"featured_media":6386,"comment_status":"closed","ping_status":"open","sticky":false,"template":"","format":"standard","meta":{"site-sidebar-layout":"default","site-content-layout":"","ast-site-content-layout":"default","site-content-style":"default","site-sidebar-style":"default","ast-global-header-display":"","ast-banner-title-visibility":"","ast-main-header-display":"","ast-hfb-above-header-display":"","ast-hfb-below-header-display":"","ast-hfb-mobile-header-display":"","site-post-title":"","ast-breadcrumbs-content":"","ast-featured-img":"","footer-sml-layout":"","ast-disable-related-posts":"","theme-transparent-header-meta":"default","adv-header-id-meta":"","stick-header-meta":"","header-above-stick-meta":"","header-main-stick-meta":"","header-below-stick-meta":"","astra-migrate-meta-layouts":"set","ast-page-background-enabled":"default","ast-page-background-meta":{"desktop":{"background-color":"","background-image":"","background-repeat":"repeat","background-position":"center center","background-size":"auto","background-attachment":"scroll","background-type":"","background-media":"","overlay-type":"","overlay-color":"","overlay-opacity":"","overlay-gradient":""},"tablet":{"background-color":"","background-image":"","background-repeat":"repeat","background-position":"center center","background-size":"auto","background-attachment":"scroll","background-type":"","background-media":"","overlay-type":"","overlay-color":"","overlay-opacity":"","overlay-gradient":""},"mobile":{"background-color":"","background-image":"","background-repeat":"repeat","background-position":"center center","background-size":"auto","background-attachment":"scroll","background-type":"","background-media":"","overlay-type":"","overlay-color":"","overlay-opacity":"","overlay-gradient":""}},"ast-content-background-meta":{"desktop":{"background-color":"var(--ast-global-color-5)","background-image":"","background-repeat":"repeat","background-position":"center center","background-size":"auto","background-attachment":"scroll","background-type":"","background-media":"","overlay-type":"","overlay-color":"","overlay-opacity":"","overlay-gradient":""},"tablet":{"background-color":"var(--ast-global-color-5)","background-image":"","background-repeat":"repeat","background-position":"center center","background-size":"auto","background-attachment":"scroll","background-type":"","background-media":"","overlay-type":"","overlay-color":"","overlay-opacity":"","overlay-gradient":""},"mobile":{"background-color":"var(--ast-global-color-5)","background-image":"","background-repeat":"repeat","background-position":"center center","background-size":"auto","background-attachment":"scroll","background-type":"","background-media":"","overlay-type":"","overlay-color":"","overlay-opacity":"","overlay-gradient":""}},"footnotes":""},"categories":[1],"tags":[],"class_list":["post-6385","post","type-post","status-publish","format-standard","has-post-thumbnail","hentry","category-sin-categorizar"],"yoast_head":"<!-- This site is optimized with the Yoast SEO plugin v27.4 - https:\/\/yoast.com\/product\/yoast-seo-wordpress\/ -->\n<title>Dominicanos en New Orleans celebran el lanzamiento del programa radial digital \u201cCultura Deportiva y M\u00e1s\u201d - Consulado General de la Rep\u00fablica Dominicana en New Orleans, Louisiana, EE. UU.<\/title>\n<meta name=\"robots\" content=\"index, follow, max-snippet:-1, max-image-preview:large, max-video-preview:-1\" \/>\n<link rel=\"canonical\" href=\"https:\/\/usa.mirex.gob.do\/consular\/new-orleans\/dominicanos-en-new-orleans-celebran-el-lanzamiento-del-programa-radial-digital-cultura-deportiva-y-mas\/\" \/>\n<meta property=\"og:locale\" content=\"en_US\" \/>\n<meta property=\"og:type\" content=\"article\" \/>\n<meta property=\"og:title\" content=\"Dominicanos en New Orleans celebran el lanzamiento del programa radial digital \u201cCultura Deportiva y M\u00e1s\u201d - Consulado General de la Rep\u00fablica Dominicana en New Orleans, Louisiana, EE. UU.\" \/>\n<meta property=\"og:description\" content=\"New Orleans, LA. \u2013 Con gran entusiasmo se llev\u00f3 a cabo el pasado mi\u00e9rcoles 18 de junio el lanzamiento del programa radial digital Cultura Deportiva y M\u00e1s, una nueva propuesta comunicacional impulsada por un miembro destacado de la comunidad dominicana en esta ciudad. La actividad se realiz\u00f3 en el Anfiteatro del Museo del Jazz y [&hellip;]\" \/>\n<meta property=\"og:url\" content=\"https:\/\/usa.mirex.gob.do\/consular\/new-orleans\/dominicanos-en-new-orleans-celebran-el-lanzamiento-del-programa-radial-digital-cultura-deportiva-y-mas\/\" \/>\n<meta property=\"og:site_name\" content=\"Consulado General de la Rep\u00fablica Dominicana en New Orleans, Louisiana, EE. UU.\" \/>\n<meta property=\"article:published_time\" content=\"2025-06-23T17:37:28+00:00\" \/>\n<meta property=\"og:image\" content=\"https:\/\/usa.mirex.gob.do\/consular\/new-orleans\/wp-content\/uploads\/2025\/06\/Imagen-de-WhatsApp-2025-06-23-a-las-10.03.17_9ae3c8e0.jpg\" \/>\n\t<meta property=\"og:image:width\" content=\"1600\" \/>\n\t<meta property=\"og:image:height\" content=\"740\" \/>\n\t<meta property=\"og:image:type\" content=\"image\/jpeg\" \/>\n<meta name=\"author\" content=\"Miguel Santana\" \/>\n<meta name=\"twitter:card\" content=\"summary_large_image\" \/>\n<meta name=\"twitter:label1\" content=\"Written by\" \/>\n\t<meta name=\"twitter:data1\" content=\"Miguel Santana\" \/>\n\t<meta name=\"twitter:label2\" content=\"Est. reading time\" \/>\n\t<meta name=\"twitter:data2\" content=\"2 minutes\" \/>\n<script type=\"application\/ld+json\" class=\"yoast-schema-graph\">{\"@context\":\"https:\\\/\\\/schema.org\",\"@graph\":[{\"@type\":\"Article\",\"@id\":\"https:\\\/\\\/usa.mirex.gob.do\\\/consular\\\/new-orleans\\\/dominicanos-en-new-orleans-celebran-el-lanzamiento-del-programa-radial-digital-cultura-deportiva-y-mas\\\/#article\",\"isPartOf\":{\"@id\":\"https:\\\/\\\/usa.mirex.gob.do\\\/consular\\\/new-orleans\\\/dominicanos-en-new-orleans-celebran-el-lanzamiento-del-programa-radial-digital-cultura-deportiva-y-mas\\\/\"},\"author\":{\"name\":\"Miguel Santana\",\"@id\":\"https:\\\/\\\/usa.mirex.gob.do\\\/consular\\\/new-orleans\\\/#\\\/schema\\\/person\\\/545963d271f542b605d1afe50ec6d958\"},\"headline\":\"Dominicanos en New Orleans celebran el lanzamiento del programa radial digital \u201cCultura Deportiva y M\u00e1s\u201d\",\"datePublished\":\"2025-06-23T17:37:28+00:00\",\"mainEntityOfPage\":{\"@id\":\"https:\\\/\\\/usa.mirex.gob.do\\\/consular\\\/new-orleans\\\/dominicanos-en-new-orleans-celebran-el-lanzamiento-del-programa-radial-digital-cultura-deportiva-y-mas\\\/\"},\"wordCount\":214,\"publisher\":{\"@id\":\"https:\\\/\\\/usa.mirex.gob.do\\\/consular\\\/new-orleans\\\/#organization\"},\"image\":{\"@id\":\"https:\\\/\\\/usa.mirex.gob.do\\\/consular\\\/new-orleans\\\/dominicanos-en-new-orleans-celebran-el-lanzamiento-del-programa-radial-digital-cultura-deportiva-y-mas\\\/#primaryimage\"},\"thumbnailUrl\":\"https:\\\/\\\/usa.mirex.gob.do\\\/consular\\\/new-orleans\\\/wp-content\\\/uploads\\\/2025\\\/06\\\/Imagen-de-WhatsApp-2025-06-23-a-las-10.03.17_9ae3c8e0.jpg\",\"articleSection\":[\"Sin categorizar\"],\"inLanguage\":\"en-US\"},{\"@type\":\"WebPage\",\"@id\":\"https:\\\/\\\/usa.mirex.gob.do\\\/consular\\\/new-orleans\\\/dominicanos-en-new-orleans-celebran-el-lanzamiento-del-programa-radial-digital-cultura-deportiva-y-mas\\\/\",\"url\":\"https:\\\/\\\/usa.mirex.gob.do\\\/consular\\\/new-orleans\\\/dominicanos-en-new-orleans-celebran-el-lanzamiento-del-programa-radial-digital-cultura-deportiva-y-mas\\\/\",\"name\":\"Dominicanos en New Orleans celebran el lanzamiento del programa radial digital \u201cCultura Deportiva y M\u00e1s\u201d - Consulado General de la Rep\u00fablica Dominicana en New Orleans, Louisiana, EE. UU.\",\"isPartOf\":{\"@id\":\"https:\\\/\\\/usa.mirex.gob.do\\\/consular\\\/new-orleans\\\/#website\"},\"primaryImageOfPage\":{\"@id\":\"https:\\\/\\\/usa.mirex.gob.do\\\/consular\\\/new-orleans\\\/dominicanos-en-new-orleans-celebran-el-lanzamiento-del-programa-radial-digital-cultura-deportiva-y-mas\\\/#primaryimage\"},\"image\":{\"@id\":\"https:\\\/\\\/usa.mirex.gob.do\\\/consular\\\/new-orleans\\\/dominicanos-en-new-orleans-celebran-el-lanzamiento-del-programa-radial-digital-cultura-deportiva-y-mas\\\/#primaryimage\"},\"thumbnailUrl\":\"https:\\\/\\\/usa.mirex.gob.do\\\/consular\\\/new-orleans\\\/wp-content\\\/uploads\\\/2025\\\/06\\\/Imagen-de-WhatsApp-2025-06-23-a-las-10.03.17_9ae3c8e0.jpg\",\"datePublished\":\"2025-06-23T17:37:28+00:00\",\"breadcrumb\":{\"@id\":\"https:\\\/\\\/usa.mirex.gob.do\\\/consular\\\/new-orleans\\\/dominicanos-en-new-orleans-celebran-el-lanzamiento-del-programa-radial-digital-cultura-deportiva-y-mas\\\/#breadcrumb\"},\"inLanguage\":\"en-US\",\"potentialAction\":[{\"@type\":\"ReadAction\",\"target\":[\"https:\\\/\\\/usa.mirex.gob.do\\\/consular\\\/new-orleans\\\/dominicanos-en-new-orleans-celebran-el-lanzamiento-del-programa-radial-digital-cultura-deportiva-y-mas\\\/\"]}]},{\"@type\":\"ImageObject\",\"inLanguage\":\"en-US\",\"@id\":\"https:\\\/\\\/usa.mirex.gob.do\\\/consular\\\/new-orleans\\\/dominicanos-en-new-orleans-celebran-el-lanzamiento-del-programa-radial-digital-cultura-deportiva-y-mas\\\/#primaryimage\",\"url\":\"https:\\\/\\\/usa.mirex.gob.do\\\/consular\\\/new-orleans\\\/wp-content\\\/uploads\\\/2025\\\/06\\\/Imagen-de-WhatsApp-2025-06-23-a-las-10.03.17_9ae3c8e0.jpg\",\"contentUrl\":\"https:\\\/\\\/usa.mirex.gob.do\\\/consular\\\/new-orleans\\\/wp-content\\\/uploads\\\/2025\\\/06\\\/Imagen-de-WhatsApp-2025-06-23-a-las-10.03.17_9ae3c8e0.jpg\",\"width\":1600,\"height\":740},{\"@type\":\"BreadcrumbList\",\"@id\":\"https:\\\/\\\/usa.mirex.gob.do\\\/consular\\\/new-orleans\\\/dominicanos-en-new-orleans-celebran-el-lanzamiento-del-programa-radial-digital-cultura-deportiva-y-mas\\\/#breadcrumb\",\"itemListElement\":[{\"@type\":\"ListItem\",\"position\":1,\"name\":\"Inicio\",\"item\":\"https:\\\/\\\/usa.mirex.gob.do\\\/consular\\\/new-orleans\\\/\"},{\"@type\":\"ListItem\",\"position\":2,\"name\":\"Dominicanos en New Orleans celebran el lanzamiento del programa radial digital \u201cCultura Deportiva y M\u00e1s\u201d\"}]},{\"@type\":\"WebSite\",\"@id\":\"https:\\\/\\\/usa.mirex.gob.do\\\/consular\\\/new-orleans\\\/#website\",\"url\":\"https:\\\/\\\/usa.mirex.gob.do\\\/consular\\\/new-orleans\\\/\",\"name\":\"Consulado General de la Rep\u00fablica Dominicana en New Orleans, Louisiana, EE. UU.\",\"description\":\"\",\"publisher\":{\"@id\":\"https:\\\/\\\/usa.mirex.gob.do\\\/consular\\\/new-orleans\\\/#organization\"},\"potentialAction\":[{\"@type\":\"SearchAction\",\"target\":{\"@type\":\"EntryPoint\",\"urlTemplate\":\"https:\\\/\\\/usa.mirex.gob.do\\\/consular\\\/new-orleans\\\/?s={search_term_string}\"},\"query-input\":{\"@type\":\"PropertyValueSpecification\",\"valueRequired\":true,\"valueName\":\"search_term_string\"}}],\"inLanguage\":\"en-US\"},{\"@type\":\"Organization\",\"@id\":\"https:\\\/\\\/usa.mirex.gob.do\\\/consular\\\/new-orleans\\\/#organization\",\"name\":\"Consulado General de la Rep\u00fablica Dominicana en New Orleans, Louisiana, EE. UU.\",\"url\":\"https:\\\/\\\/usa.mirex.gob.do\\\/consular\\\/new-orleans\\\/\",\"logo\":{\"@type\":\"ImageObject\",\"inLanguage\":\"en-US\",\"@id\":\"https:\\\/\\\/usa.mirex.gob.do\\\/consular\\\/new-orleans\\\/#\\\/schema\\\/logo\\\/image\\\/\",\"url\":\"https:\\\/\\\/usa.mirex.gob.do\\\/consular\\\/new-orleans\\\/wp-content\\\/uploads\\\/2022\\\/05\\\/CONSULADO-NEW-ORLEANS-RD-04-1-scaled.png\",\"contentUrl\":\"https:\\\/\\\/usa.mirex.gob.do\\\/consular\\\/new-orleans\\\/wp-content\\\/uploads\\\/2022\\\/05\\\/CONSULADO-NEW-ORLEANS-RD-04-1-scaled.png\",\"width\":2560,\"height\":1100,\"caption\":\"Consulado General de la Rep\u00fablica Dominicana en New Orleans, Louisiana, EE. UU.\"},\"image\":{\"@id\":\"https:\\\/\\\/usa.mirex.gob.do\\\/consular\\\/new-orleans\\\/#\\\/schema\\\/logo\\\/image\\\/\"}},{\"@type\":\"Person\",\"@id\":\"https:\\\/\\\/usa.mirex.gob.do\\\/consular\\\/new-orleans\\\/#\\\/schema\\\/person\\\/545963d271f542b605d1afe50ec6d958\",\"name\":\"Miguel Santana\",\"image\":{\"@type\":\"ImageObject\",\"inLanguage\":\"en-US\",\"@id\":\"https:\\\/\\\/secure.gravatar.com\\\/avatar\\\/d6d25850d319ec9f3c5b8a4a23c6e205603bf53c3f90534e4361aeb66870a0a4?s=96&d=mm&r=g\",\"url\":\"https:\\\/\\\/secure.gravatar.com\\\/avatar\\\/d6d25850d319ec9f3c5b8a4a23c6e205603bf53c3f90534e4361aeb66870a0a4?s=96&d=mm&r=g\",\"contentUrl\":\"https:\\\/\\\/secure.gravatar.com\\\/avatar\\\/d6d25850d319ec9f3c5b8a4a23c6e205603bf53c3f90534e4361aeb66870a0a4?s=96&d=mm&r=g\",\"caption\":\"Miguel Santana\"},\"sameAs\":[\"https:\\\/\\\/usa.mirex.gob.do\\\/consular\\\/new-orleans\\\/\"]}]}<\/script>\n<!-- \/ Yoast SEO plugin. -->","yoast_head_json":{"title":"Dominicanos en New Orleans celebran el lanzamiento del programa radial digital \u201cCultura Deportiva y M\u00e1s\u201d - Consulado General de la Rep\u00fablica Dominicana en New Orleans, Louisiana, EE. UU.","robots":{"index":"index","follow":"follow","max-snippet":"max-snippet:-1","max-image-preview":"max-image-preview:large","max-video-preview":"max-video-preview:-1"},"canonical":"https:\/\/usa.mirex.gob.do\/consular\/new-orleans\/dominicanos-en-new-orleans-celebran-el-lanzamiento-del-programa-radial-digital-cultura-deportiva-y-mas\/","og_locale":"en_US","og_type":"article","og_title":"Dominicanos en New Orleans celebran el lanzamiento del programa radial digital \u201cCultura Deportiva y M\u00e1s\u201d - Consulado General de la Rep\u00fablica Dominicana en New Orleans, Louisiana, EE. UU.","og_description":"New Orleans, LA. \u2013 Con gran entusiasmo se llev\u00f3 a cabo el pasado mi\u00e9rcoles 18 de junio el lanzamiento del programa radial digital Cultura Deportiva y M\u00e1s, una nueva propuesta comunicacional impulsada por un miembro destacado de la comunidad dominicana en esta ciudad. La actividad se realiz\u00f3 en el Anfiteatro del Museo del Jazz y [&hellip;]","og_url":"https:\/\/usa.mirex.gob.do\/consular\/new-orleans\/dominicanos-en-new-orleans-celebran-el-lanzamiento-del-programa-radial-digital-cultura-deportiva-y-mas\/","og_site_name":"Consulado General de la Rep\u00fablica Dominicana en New Orleans, Louisiana, EE. UU.","article_published_time":"2025-06-23T17:37:28+00:00","og_image":[{"width":1600,"height":740,"url":"https:\/\/usa.mirex.gob.do\/consular\/new-orleans\/wp-content\/uploads\/2025\/06\/Imagen-de-WhatsApp-2025-06-23-a-las-10.03.17_9ae3c8e0.jpg","type":"image\/jpeg"}],"author":"Miguel Santana","twitter_card":"summary_large_image","twitter_misc":{"Written by":"Miguel Santana","Est. reading time":"2 minutes"},"schema":{"@context":"https:\/\/schema.org","@graph":[{"@type":"Article","@id":"https:\/\/usa.mirex.gob.do\/consular\/new-orleans\/dominicanos-en-new-orleans-celebran-el-lanzamiento-del-programa-radial-digital-cultura-deportiva-y-mas\/#article","isPartOf":{"@id":"https:\/\/usa.mirex.gob.do\/consular\/new-orleans\/dominicanos-en-new-orleans-celebran-el-lanzamiento-del-programa-radial-digital-cultura-deportiva-y-mas\/"},"author":{"name":"Miguel Santana","@id":"https:\/\/usa.mirex.gob.do\/consular\/new-orleans\/#\/schema\/person\/545963d271f542b605d1afe50ec6d958"},"headline":"Dominicanos en New Orleans celebran el lanzamiento del programa radial digital \u201cCultura Deportiva y M\u00e1s\u201d","datePublished":"2025-06-23T17:37:28+00:00","mainEntityOfPage":{"@id":"https:\/\/usa.mirex.gob.do\/consular\/new-orleans\/dominicanos-en-new-orleans-celebran-el-lanzamiento-del-programa-radial-digital-cultura-deportiva-y-mas\/"},"wordCount":214,"publisher":{"@id":"https:\/\/usa.mirex.gob.do\/consular\/new-orleans\/#organization"},"image":{"@id":"https:\/\/usa.mirex.gob.do\/consular\/new-orleans\/dominicanos-en-new-orleans-celebran-el-lanzamiento-del-programa-radial-digital-cultura-deportiva-y-mas\/#primaryimage"},"thumbnailUrl":"https:\/\/usa.mirex.gob.do\/consular\/new-orleans\/wp-content\/uploads\/2025\/06\/Imagen-de-WhatsApp-2025-06-23-a-las-10.03.17_9ae3c8e0.jpg","articleSection":["Sin categorizar"],"inLanguage":"en-US"},{"@type":"WebPage","@id":"https:\/\/usa.mirex.gob.do\/consular\/new-orleans\/dominicanos-en-new-orleans-celebran-el-lanzamiento-del-programa-radial-digital-cultura-deportiva-y-mas\/","url":"https:\/\/usa.mirex.gob.do\/consular\/new-orleans\/dominicanos-en-new-orleans-celebran-el-lanzamiento-del-programa-radial-digital-cultura-deportiva-y-mas\/","name":"Dominicanos en New Orleans celebran el lanzamiento del programa radial digital \u201cCultura Deportiva y M\u00e1s\u201d - Consulado General de la Rep\u00fablica Dominicana en New Orleans, Louisiana, EE. UU.","isPartOf":{"@id":"https:\/\/usa.mirex.gob.do\/consular\/new-orleans\/#website"},"primaryImageOfPage":{"@id":"https:\/\/usa.mirex.gob.do\/consular\/new-orleans\/dominicanos-en-new-orleans-celebran-el-lanzamiento-del-programa-radial-digital-cultura-deportiva-y-mas\/#primaryimage"},"image":{"@id":"https:\/\/usa.mirex.gob.do\/consular\/new-orleans\/dominicanos-en-new-orleans-celebran-el-lanzamiento-del-programa-radial-digital-cultura-deportiva-y-mas\/#primaryimage"},"thumbnailUrl":"https:\/\/usa.mirex.gob.do\/consular\/new-orleans\/wp-content\/uploads\/2025\/06\/Imagen-de-WhatsApp-2025-06-23-a-las-10.03.17_9ae3c8e0.jpg","datePublished":"2025-06-23T17:37:28+00:00","breadcrumb":{"@id":"https:\/\/usa.mirex.gob.do\/consular\/new-orleans\/dominicanos-en-new-orleans-celebran-el-lanzamiento-del-programa-radial-digital-cultura-deportiva-y-mas\/#breadcrumb"},"inLanguage":"en-US","potentialAction":[{"@type":"ReadAction","target":["https:\/\/usa.mirex.gob.do\/consular\/new-orleans\/dominicanos-en-new-orleans-celebran-el-lanzamiento-del-programa-radial-digital-cultura-deportiva-y-mas\/"]}]},{"@type":"ImageObject","inLanguage":"en-US","@id":"https:\/\/usa.mirex.gob.do\/consular\/new-orleans\/dominicanos-en-new-orleans-celebran-el-lanzamiento-del-programa-radial-digital-cultura-deportiva-y-mas\/#primaryimage","url":"https:\/\/usa.mirex.gob.do\/consular\/new-orleans\/wp-content\/uploads\/2025\/06\/Imagen-de-WhatsApp-2025-06-23-a-las-10.03.17_9ae3c8e0.jpg","contentUrl":"https:\/\/usa.mirex.gob.do\/consular\/new-orleans\/wp-content\/uploads\/2025\/06\/Imagen-de-WhatsApp-2025-06-23-a-las-10.03.17_9ae3c8e0.jpg","width":1600,"height":740},{"@type":"BreadcrumbList","@id":"https:\/\/usa.mirex.gob.do\/consular\/new-orleans\/dominicanos-en-new-orleans-celebran-el-lanzamiento-del-programa-radial-digital-cultura-deportiva-y-mas\/#breadcrumb","itemListElement":[{"@type":"ListItem","position":1,"name":"Inicio","item":"https:\/\/usa.mirex.gob.do\/consular\/new-orleans\/"},{"@type":"ListItem","position":2,"name":"Dominicanos en New Orleans celebran el lanzamiento del programa radial digital \u201cCultura Deportiva y M\u00e1s\u201d"}]},{"@type":"WebSite","@id":"https:\/\/usa.mirex.gob.do\/consular\/new-orleans\/#website","url":"https:\/\/usa.mirex.gob.do\/consular\/new-orleans\/","name":"Consulado General de la Rep\u00fablica Dominicana en New Orleans, Louisiana, EE. UU.","description":"","publisher":{"@id":"https:\/\/usa.mirex.gob.do\/consular\/new-orleans\/#organization"},"potentialAction":[{"@type":"SearchAction","target":{"@type":"EntryPoint","urlTemplate":"https:\/\/usa.mirex.gob.do\/consular\/new-orleans\/?s={search_term_string}"},"query-input":{"@type":"PropertyValueSpecification","valueRequired":true,"valueName":"search_term_string"}}],"inLanguage":"en-US"},{"@type":"Organization","@id":"https:\/\/usa.mirex.gob.do\/consular\/new-orleans\/#organization","name":"Consulado General de la Rep\u00fablica Dominicana en New Orleans, Louisiana, EE. UU.","url":"https:\/\/usa.mirex.gob.do\/consular\/new-orleans\/","logo":{"@type":"ImageObject","inLanguage":"en-US","@id":"https:\/\/usa.mirex.gob.do\/consular\/new-orleans\/#\/schema\/logo\/image\/","url":"https:\/\/usa.mirex.gob.do\/consular\/new-orleans\/wp-content\/uploads\/2022\/05\/CONSULADO-NEW-ORLEANS-RD-04-1-scaled.png","contentUrl":"https:\/\/usa.mirex.gob.do\/consular\/new-orleans\/wp-content\/uploads\/2022\/05\/CONSULADO-NEW-ORLEANS-RD-04-1-scaled.png","width":2560,"height":1100,"caption":"Consulado General de la Rep\u00fablica Dominicana en New Orleans, Louisiana, EE. UU."},"image":{"@id":"https:\/\/usa.mirex.gob.do\/consular\/new-orleans\/#\/schema\/logo\/image\/"}},{"@type":"Person","@id":"https:\/\/usa.mirex.gob.do\/consular\/new-orleans\/#\/schema\/person\/545963d271f542b605d1afe50ec6d958","name":"Miguel Santana","image":{"@type":"ImageObject","inLanguage":"en-US","@id":"https:\/\/secure.gravatar.com\/avatar\/d6d25850d319ec9f3c5b8a4a23c6e205603bf53c3f90534e4361aeb66870a0a4?s=96&d=mm&r=g","url":"https:\/\/secure.gravatar.com\/avatar\/d6d25850d319ec9f3c5b8a4a23c6e205603bf53c3f90534e4361aeb66870a0a4?s=96&d=mm&r=g","contentUrl":"https:\/\/secure.gravatar.com\/avatar\/d6d25850d319ec9f3c5b8a4a23c6e205603bf53c3f90534e4361aeb66870a0a4?s=96&d=mm&r=g","caption":"Miguel Santana"},"sameAs":["https:\/\/usa.mirex.gob.do\/consular\/new-orleans\/"]}]}},"_links":{"self":[{"href":"https:\/\/usa.mirex.gob.do\/consular\/new-orleans\/wp-json\/wp\/v2\/posts\/6385","targetHints":{"allow":["GET"]}}],"collection":[{"href":"https:\/\/usa.mirex.gob.do\/consular\/new-orleans\/wp-json\/wp\/v2\/posts"}],"about":[{"href":"https:\/\/usa.mirex.gob.do\/consular\/new-orleans\/wp-json\/wp\/v2\/types\/post"}],"author":[{"embeddable":true,"href":"https:\/\/usa.mirex.gob.do\/consular\/new-orleans\/wp-json\/wp\/v2\/users\/8"}],"replies":[{"embeddable":true,"href":"https:\/\/usa.mirex.gob.do\/consular\/new-orleans\/wp-json\/wp\/v2\/comments?post=6385"}],"version-history":[{"count":8,"href":"https:\/\/usa.mirex.gob.do\/consular\/new-orleans\/wp-json\/wp\/v2\/posts\/6385\/revisions"}],"predecessor-version":[{"id":6395,"href":"https:\/\/usa.mirex.gob.do\/consular\/new-orleans\/wp-json\/wp\/v2\/posts\/6385\/revisions\/6395"}],"wp:featuredmedia":[{"embeddable":true,"href":"https:\/\/usa.mirex.gob.do\/consular\/new-orleans\/wp-json\/wp\/v2\/media\/6386"}],"wp:attachment":[{"href":"https:\/\/usa.mirex.gob.do\/consular\/new-orleans\/wp-json\/wp\/v2\/media?parent=6385"}],"wp:term":[{"taxonomy":"category","embeddable":true,"href":"https:\/\/usa.mirex.gob.do\/consular\/new-orleans\/wp-json\/wp\/v2\/categories?post=6385"},{"taxonomy":"post_tag","embeddable":true,"href":"https:\/\/usa.mirex.gob.do\/consular\/new-orleans\/wp-json\/wp\/v2\/tags?post=6385"}],"curies":[{"name":"wp","href":"https:\/\/api.w.org\/{rel}","templated":true}]}}