{"id":6396,"date":"2025-06-23T17:44:58","date_gmt":"2025-06-23T17:44:58","guid":{"rendered":"https:\/\/usa.mirex.gob.do\/consular\/new-orleans\/?p=6396"},"modified":"2025-06-23T17:44:58","modified_gmt":"2025-06-23T17:44:58","slug":"consulado-dominicano-participa-en-la-cumbre-de-salud-tecnologia-e-innovacion-2025","status":"publish","type":"post","link":"https:\/\/usa.mirex.gob.do\/consular\/new-orleans\/consulado-dominicano-participa-en-la-cumbre-de-salud-tecnologia-e-innovacion-2025\/","title":{"rendered":"Consulado Dominicano participa en la Cumbre de Salud, Tecnolog\u00eda e Innovaci\u00f3n 2025"},"content":{"rendered":"<p>New Orleans, EE. UU. \u2013 El Consulado General de la Rep\u00fablica Dominicana en New Orleans particip\u00f3 en la Cumbre de Salud, Tecnolog\u00eda e Innovaci\u00f3n 2025, una importante iniciativa organizada por la C\u00e1mara de Comercio Hispana, que reuni\u00f3 a expertos, autoridades y l\u00edderes comunitarios para abordar temas de alto impacto en el \u00e1mbito sanitario y tecnol\u00f3gico.<\/p>\n<p>En representaci\u00f3n del consulado asisti\u00f3 el vicec\u00f3nsul Pierpaolo Filosa, quien form\u00f3 parte de los espacios de di\u00e1logo y reflexi\u00f3n sobre salud neonatal, los avances m\u00e9dicos m\u00e1s recientes y la importancia de la salud mental, as\u00ed como sus principales desaf\u00edos y soluciones dentro de las comunidades.<\/p>\n<p>La participaci\u00f3n en esta cumbre refuerza el compromiso del consulado con el bienestar de la di\u00e1spora dominicana y la promoci\u00f3n de iniciativas que impulsen el desarrollo humano y social en nuestra\u00a0jurisdicci\u00f3n.<\/p>\n<p><img fetchpriority=\"high\" decoding=\"async\" class=\"alignnone size-full wp-image-6398\" src=\"https:\/\/usa.mirex.gob.do\/consular\/new-orleans\/wp-content\/uploads\/2025\/06\/Imagen-de-WhatsApp-2025-06-23-a-las-10.11.58_1271d38e.jpg\" alt=\"\" width=\"1599\" height=\"1066\" srcset=\"https:\/\/usa.mirex.gob.do\/consular\/new-orleans\/wp-content\/uploads\/2025\/06\/Imagen-de-WhatsApp-2025-06-23-a-las-10.11.58_1271d38e.jpg 1599w, https:\/\/usa.mirex.gob.do\/consular\/new-orleans\/wp-content\/uploads\/2025\/06\/Imagen-de-WhatsApp-2025-06-23-a-las-10.11.58_1271d38e-300x200.jpg 300w, https:\/\/usa.mirex.gob.do\/consular\/new-orleans\/wp-content\/uploads\/2025\/06\/Imagen-de-WhatsApp-2025-06-23-a-las-10.11.58_1271d38e-1024x683.jpg 1024w, https:\/\/usa.mirex.gob.do\/consular\/new-orleans\/wp-content\/uploads\/2025\/06\/Imagen-de-WhatsApp-2025-06-23-a-las-10.11.58_1271d38e-768x512.jpg 768w, https:\/\/usa.mirex.gob.do\/consular\/new-orleans\/wp-content\/uploads\/2025\/06\/Imagen-de-WhatsApp-2025-06-23-a-las-10.11.58_1271d38e-1536x1024.jpg 1536w\" sizes=\"(max-width: 1599px) 100vw, 1599px\" \/><\/p>\n<p><img decoding=\"async\" class=\"alignnone size-full wp-image-6399\" src=\"https:\/\/usa.mirex.gob.do\/consular\/new-orleans\/wp-content\/uploads\/2025\/06\/Imagen-de-WhatsApp-2025-06-23-a-las-10.11.58_d04c4c0f.jpg\" alt=\"\" width=\"1599\" height=\"1066\" srcset=\"https:\/\/usa.mirex.gob.do\/consular\/new-orleans\/wp-content\/uploads\/2025\/06\/Imagen-de-WhatsApp-2025-06-23-a-las-10.11.58_d04c4c0f.jpg 1599w, https:\/\/usa.mirex.gob.do\/consular\/new-orleans\/wp-content\/uploads\/2025\/06\/Imagen-de-WhatsApp-2025-06-23-a-las-10.11.58_d04c4c0f-300x200.jpg 300w, https:\/\/usa.mirex.gob.do\/consular\/new-orleans\/wp-content\/uploads\/2025\/06\/Imagen-de-WhatsApp-2025-06-23-a-las-10.11.58_d04c4c0f-1024x683.jpg 1024w, https:\/\/usa.mirex.gob.do\/consular\/new-orleans\/wp-content\/uploads\/2025\/06\/Imagen-de-WhatsApp-2025-06-23-a-las-10.11.58_d04c4c0f-768x512.jpg 768w, https:\/\/usa.mirex.gob.do\/consular\/new-orleans\/wp-content\/uploads\/2025\/06\/Imagen-de-WhatsApp-2025-06-23-a-las-10.11.58_d04c4c0f-1536x1024.jpg 1536w\" sizes=\"(max-width: 1599px) 100vw, 1599px\" \/><\/p>\n","protected":false},"excerpt":{"rendered":"<p>New Orleans, EE. UU. \u2013 El Consulado General de la Rep\u00fablica Dominicana en New Orleans particip\u00f3 en la Cumbre de Salud, Tecnolog\u00eda e Innovaci\u00f3n 2025, una importante iniciativa organizada por la C\u00e1mara de Comercio Hispana, que reuni\u00f3 a expertos, autoridades y l\u00edderes comunitarios para abordar temas de alto impacto en el \u00e1mbito sanitario y tecnol\u00f3gico. [&hellip;]<\/p>\n","protected":false},"author":8,"featured_media":6397,"comment_status":"closed","ping_status":"open","sticky":false,"template":"","format":"standard","meta":{"site-sidebar-layout":"default","site-content-layout":"","ast-site-content-layout":"default","site-content-style":"default","site-sidebar-style":"default","ast-global-header-display":"","ast-banner-title-visibility":"","ast-main-header-display":"","ast-hfb-above-header-display":"","ast-hfb-below-header-display":"","ast-hfb-mobile-header-display":"","site-post-title":"","ast-breadcrumbs-content":"","ast-featured-img":"","footer-sml-layout":"","ast-disable-related-posts":"","theme-transparent-header-meta":"default","adv-header-id-meta":"","stick-header-meta":"","header-above-stick-meta":"","header-main-stick-meta":"","header-below-stick-meta":"","astra-migrate-meta-layouts":"set","ast-page-background-enabled":"default","ast-page-background-meta":{"desktop":{"background-color":"","background-image":"","background-repeat":"repeat","background-position":"center center","background-size":"auto","background-attachment":"scroll","background-type":"","background-media":"","overlay-type":"","overlay-color":"","overlay-opacity":"","overlay-gradient":""},"tablet":{"background-color":"","background-image":"","background-repeat":"repeat","background-position":"center center","background-size":"auto","background-attachment":"scroll","background-type":"","background-media":"","overlay-type":"","overlay-color":"","overlay-opacity":"","overlay-gradient":""},"mobile":{"background-color":"","background-image":"","background-repeat":"repeat","background-position":"center center","background-size":"auto","background-attachment":"scroll","background-type":"","background-media":"","overlay-type":"","overlay-color":"","overlay-opacity":"","overlay-gradient":""}},"ast-content-background-meta":{"desktop":{"background-color":"var(--ast-global-color-5)","background-image":"","background-repeat":"repeat","background-position":"center center","background-size":"auto","background-attachment":"scroll","background-type":"","background-media":"","overlay-type":"","overlay-color":"","overlay-opacity":"","overlay-gradient":""},"tablet":{"background-color":"var(--ast-global-color-5)","background-image":"","background-repeat":"repeat","background-position":"center center","background-size":"auto","background-attachment":"scroll","background-type":"","background-media":"","overlay-type":"","overlay-color":"","overlay-opacity":"","overlay-gradient":""},"mobile":{"background-color":"var(--ast-global-color-5)","background-image":"","background-repeat":"repeat","background-position":"center center","background-size":"auto","background-attachment":"scroll","background-type":"","background-media":"","overlay-type":"","overlay-color":"","overlay-opacity":"","overlay-gradient":""}},"footnotes":""},"categories":[5],"tags":[],"class_list":["post-6396","post","type-post","status-publish","format-standard","has-post-thumbnail","hentry","category-noticias"],"yoast_head":"<!-- This site is optimized with the Yoast SEO plugin v27.4 - https:\/\/yoast.com\/product\/yoast-seo-wordpress\/ -->\n<title>Consulado Dominicano participa en la Cumbre de Salud, Tecnolog\u00eda e Innovaci\u00f3n 2025 - Consulado General de la Rep\u00fablica Dominicana en New Orleans, Louisiana, EE. UU.<\/title>\n<meta name=\"robots\" content=\"index, follow, max-snippet:-1, max-image-preview:large, max-video-preview:-1\" \/>\n<link rel=\"canonical\" href=\"https:\/\/usa.mirex.gob.do\/consular\/new-orleans\/consulado-dominicano-participa-en-la-cumbre-de-salud-tecnologia-e-innovacion-2025\/\" \/>\n<meta property=\"og:locale\" content=\"en_US\" \/>\n<meta property=\"og:type\" content=\"article\" \/>\n<meta property=\"og:title\" content=\"Consulado Dominicano participa en la Cumbre de Salud, Tecnolog\u00eda e Innovaci\u00f3n 2025 - Consulado General de la Rep\u00fablica Dominicana en New Orleans, Louisiana, EE. UU.\" \/>\n<meta property=\"og:description\" content=\"New Orleans, EE. UU. \u2013 El Consulado General de la Rep\u00fablica Dominicana en New Orleans particip\u00f3 en la Cumbre de Salud, Tecnolog\u00eda e Innovaci\u00f3n 2025, una importante iniciativa organizada por la C\u00e1mara de Comercio Hispana, que reuni\u00f3 a expertos, autoridades y l\u00edderes comunitarios para abordar temas de alto impacto en el \u00e1mbito sanitario y tecnol\u00f3gico. [&hellip;]\" \/>\n<meta property=\"og:url\" content=\"https:\/\/usa.mirex.gob.do\/consular\/new-orleans\/consulado-dominicano-participa-en-la-cumbre-de-salud-tecnologia-e-innovacion-2025\/\" \/>\n<meta property=\"og:site_name\" content=\"Consulado General de la Rep\u00fablica Dominicana en New Orleans, Louisiana, EE. UU.\" \/>\n<meta property=\"article:published_time\" content=\"2025-06-23T17:44:58+00:00\" \/>\n<meta property=\"og:image\" content=\"https:\/\/usa.mirex.gob.do\/consular\/new-orleans\/wp-content\/uploads\/2025\/06\/Imagen-de-WhatsApp-2025-06-23-a-las-10.11.58_8f5f5c5d.jpg\" \/>\n\t<meta property=\"og:image:width\" content=\"1599\" \/>\n\t<meta property=\"og:image:height\" content=\"1066\" \/>\n\t<meta property=\"og:image:type\" content=\"image\/jpeg\" \/>\n<meta name=\"author\" content=\"Miguel Santana\" \/>\n<meta name=\"twitter:card\" content=\"summary_large_image\" \/>\n<meta name=\"twitter:label1\" content=\"Written by\" \/>\n\t<meta name=\"twitter:data1\" content=\"Miguel Santana\" \/>\n\t<meta name=\"twitter:label2\" content=\"Est. reading time\" \/>\n\t<meta name=\"twitter:data2\" content=\"2 minutes\" \/>\n<script type=\"application\/ld+json\" class=\"yoast-schema-graph\">{\"@context\":\"https:\\\/\\\/schema.org\",\"@graph\":[{\"@type\":\"Article\",\"@id\":\"https:\\\/\\\/usa.mirex.gob.do\\\/consular\\\/new-orleans\\\/consulado-dominicano-participa-en-la-cumbre-de-salud-tecnologia-e-innovacion-2025\\\/#article\",\"isPartOf\":{\"@id\":\"https:\\\/\\\/usa.mirex.gob.do\\\/consular\\\/new-orleans\\\/consulado-dominicano-participa-en-la-cumbre-de-salud-tecnologia-e-innovacion-2025\\\/\"},\"author\":{\"name\":\"Miguel Santana\",\"@id\":\"https:\\\/\\\/usa.mirex.gob.do\\\/consular\\\/new-orleans\\\/#\\\/schema\\\/person\\\/545963d271f542b605d1afe50ec6d958\"},\"headline\":\"Consulado Dominicano participa en la Cumbre de Salud, Tecnolog\u00eda e Innovaci\u00f3n 2025\",\"datePublished\":\"2025-06-23T17:44:58+00:00\",\"mainEntityOfPage\":{\"@id\":\"https:\\\/\\\/usa.mirex.gob.do\\\/consular\\\/new-orleans\\\/consulado-dominicano-participa-en-la-cumbre-de-salud-tecnologia-e-innovacion-2025\\\/\"},\"wordCount\":160,\"publisher\":{\"@id\":\"https:\\\/\\\/usa.mirex.gob.do\\\/consular\\\/new-orleans\\\/#organization\"},\"image\":{\"@id\":\"https:\\\/\\\/usa.mirex.gob.do\\\/consular\\\/new-orleans\\\/consulado-dominicano-participa-en-la-cumbre-de-salud-tecnologia-e-innovacion-2025\\\/#primaryimage\"},\"thumbnailUrl\":\"https:\\\/\\\/usa.mirex.gob.do\\\/consular\\\/new-orleans\\\/wp-content\\\/uploads\\\/2025\\\/06\\\/Imagen-de-WhatsApp-2025-06-23-a-las-10.11.58_8f5f5c5d.jpg\",\"articleSection\":[\"Noticias\"],\"inLanguage\":\"en-US\"},{\"@type\":\"WebPage\",\"@id\":\"https:\\\/\\\/usa.mirex.gob.do\\\/consular\\\/new-orleans\\\/consulado-dominicano-participa-en-la-cumbre-de-salud-tecnologia-e-innovacion-2025\\\/\",\"url\":\"https:\\\/\\\/usa.mirex.gob.do\\\/consular\\\/new-orleans\\\/consulado-dominicano-participa-en-la-cumbre-de-salud-tecnologia-e-innovacion-2025\\\/\",\"name\":\"Consulado Dominicano participa en la Cumbre de Salud, Tecnolog\u00eda e Innovaci\u00f3n 2025 - Consulado General de la Rep\u00fablica Dominicana en New Orleans, Louisiana, EE. UU.\",\"isPartOf\":{\"@id\":\"https:\\\/\\\/usa.mirex.gob.do\\\/consular\\\/new-orleans\\\/#website\"},\"primaryImageOfPage\":{\"@id\":\"https:\\\/\\\/usa.mirex.gob.do\\\/consular\\\/new-orleans\\\/consulado-dominicano-participa-en-la-cumbre-de-salud-tecnologia-e-innovacion-2025\\\/#primaryimage\"},\"image\":{\"@id\":\"https:\\\/\\\/usa.mirex.gob.do\\\/consular\\\/new-orleans\\\/consulado-dominicano-participa-en-la-cumbre-de-salud-tecnologia-e-innovacion-2025\\\/#primaryimage\"},\"thumbnailUrl\":\"https:\\\/\\\/usa.mirex.gob.do\\\/consular\\\/new-orleans\\\/wp-content\\\/uploads\\\/2025\\\/06\\\/Imagen-de-WhatsApp-2025-06-23-a-las-10.11.58_8f5f5c5d.jpg\",\"datePublished\":\"2025-06-23T17:44:58+00:00\",\"breadcrumb\":{\"@id\":\"https:\\\/\\\/usa.mirex.gob.do\\\/consular\\\/new-orleans\\\/consulado-dominicano-participa-en-la-cumbre-de-salud-tecnologia-e-innovacion-2025\\\/#breadcrumb\"},\"inLanguage\":\"en-US\",\"potentialAction\":[{\"@type\":\"ReadAction\",\"target\":[\"https:\\\/\\\/usa.mirex.gob.do\\\/consular\\\/new-orleans\\\/consulado-dominicano-participa-en-la-cumbre-de-salud-tecnologia-e-innovacion-2025\\\/\"]}]},{\"@type\":\"ImageObject\",\"inLanguage\":\"en-US\",\"@id\":\"https:\\\/\\\/usa.mirex.gob.do\\\/consular\\\/new-orleans\\\/consulado-dominicano-participa-en-la-cumbre-de-salud-tecnologia-e-innovacion-2025\\\/#primaryimage\",\"url\":\"https:\\\/\\\/usa.mirex.gob.do\\\/consular\\\/new-orleans\\\/wp-content\\\/uploads\\\/2025\\\/06\\\/Imagen-de-WhatsApp-2025-06-23-a-las-10.11.58_8f5f5c5d.jpg\",\"contentUrl\":\"https:\\\/\\\/usa.mirex.gob.do\\\/consular\\\/new-orleans\\\/wp-content\\\/uploads\\\/2025\\\/06\\\/Imagen-de-WhatsApp-2025-06-23-a-las-10.11.58_8f5f5c5d.jpg\",\"width\":1599,\"height\":1066},{\"@type\":\"BreadcrumbList\",\"@id\":\"https:\\\/\\\/usa.mirex.gob.do\\\/consular\\\/new-orleans\\\/consulado-dominicano-participa-en-la-cumbre-de-salud-tecnologia-e-innovacion-2025\\\/#breadcrumb\",\"itemListElement\":[{\"@type\":\"ListItem\",\"position\":1,\"name\":\"Inicio\",\"item\":\"https:\\\/\\\/usa.mirex.gob.do\\\/consular\\\/new-orleans\\\/\"},{\"@type\":\"ListItem\",\"position\":2,\"name\":\"Consulado Dominicano participa en la Cumbre de Salud, Tecnolog\u00eda e Innovaci\u00f3n 2025\"}]},{\"@type\":\"WebSite\",\"@id\":\"https:\\\/\\\/usa.mirex.gob.do\\\/consular\\\/new-orleans\\\/#website\",\"url\":\"https:\\\/\\\/usa.mirex.gob.do\\\/consular\\\/new-orleans\\\/\",\"name\":\"Consulado General de la Rep\u00fablica Dominicana en New Orleans, Louisiana, EE. UU.\",\"description\":\"\",\"publisher\":{\"@id\":\"https:\\\/\\\/usa.mirex.gob.do\\\/consular\\\/new-orleans\\\/#organization\"},\"potentialAction\":[{\"@type\":\"SearchAction\",\"target\":{\"@type\":\"EntryPoint\",\"urlTemplate\":\"https:\\\/\\\/usa.mirex.gob.do\\\/consular\\\/new-orleans\\\/?s={search_term_string}\"},\"query-input\":{\"@type\":\"PropertyValueSpecification\",\"valueRequired\":true,\"valueName\":\"search_term_string\"}}],\"inLanguage\":\"en-US\"},{\"@type\":\"Organization\",\"@id\":\"https:\\\/\\\/usa.mirex.gob.do\\\/consular\\\/new-orleans\\\/#organization\",\"name\":\"Consulado General de la Rep\u00fablica Dominicana en New Orleans, Louisiana, EE. UU.\",\"url\":\"https:\\\/\\\/usa.mirex.gob.do\\\/consular\\\/new-orleans\\\/\",\"logo\":{\"@type\":\"ImageObject\",\"inLanguage\":\"en-US\",\"@id\":\"https:\\\/\\\/usa.mirex.gob.do\\\/consular\\\/new-orleans\\\/#\\\/schema\\\/logo\\\/image\\\/\",\"url\":\"https:\\\/\\\/usa.mirex.gob.do\\\/consular\\\/new-orleans\\\/wp-content\\\/uploads\\\/2022\\\/05\\\/CONSULADO-NEW-ORLEANS-RD-04-1-scaled.png\",\"contentUrl\":\"https:\\\/\\\/usa.mirex.gob.do\\\/consular\\\/new-orleans\\\/wp-content\\\/uploads\\\/2022\\\/05\\\/CONSULADO-NEW-ORLEANS-RD-04-1-scaled.png\",\"width\":2560,\"height\":1100,\"caption\":\"Consulado General de la Rep\u00fablica Dominicana en New Orleans, Louisiana, EE. UU.\"},\"image\":{\"@id\":\"https:\\\/\\\/usa.mirex.gob.do\\\/consular\\\/new-orleans\\\/#\\\/schema\\\/logo\\\/image\\\/\"}},{\"@type\":\"Person\",\"@id\":\"https:\\\/\\\/usa.mirex.gob.do\\\/consular\\\/new-orleans\\\/#\\\/schema\\\/person\\\/545963d271f542b605d1afe50ec6d958\",\"name\":\"Miguel Santana\",\"image\":{\"@type\":\"ImageObject\",\"inLanguage\":\"en-US\",\"@id\":\"https:\\\/\\\/secure.gravatar.com\\\/avatar\\\/d6d25850d319ec9f3c5b8a4a23c6e205603bf53c3f90534e4361aeb66870a0a4?s=96&d=mm&r=g\",\"url\":\"https:\\\/\\\/secure.gravatar.com\\\/avatar\\\/d6d25850d319ec9f3c5b8a4a23c6e205603bf53c3f90534e4361aeb66870a0a4?s=96&d=mm&r=g\",\"contentUrl\":\"https:\\\/\\\/secure.gravatar.com\\\/avatar\\\/d6d25850d319ec9f3c5b8a4a23c6e205603bf53c3f90534e4361aeb66870a0a4?s=96&d=mm&r=g\",\"caption\":\"Miguel Santana\"},\"sameAs\":[\"https:\\\/\\\/usa.mirex.gob.do\\\/consular\\\/new-orleans\\\/\"]}]}<\/script>\n<!-- \/ Yoast SEO plugin. -->","yoast_head_json":{"title":"Consulado Dominicano participa en la Cumbre de Salud, Tecnolog\u00eda e Innovaci\u00f3n 2025 - Consulado General de la Rep\u00fablica Dominicana en New Orleans, Louisiana, EE. UU.","robots":{"index":"index","follow":"follow","max-snippet":"max-snippet:-1","max-image-preview":"max-image-preview:large","max-video-preview":"max-video-preview:-1"},"canonical":"https:\/\/usa.mirex.gob.do\/consular\/new-orleans\/consulado-dominicano-participa-en-la-cumbre-de-salud-tecnologia-e-innovacion-2025\/","og_locale":"en_US","og_type":"article","og_title":"Consulado Dominicano participa en la Cumbre de Salud, Tecnolog\u00eda e Innovaci\u00f3n 2025 - Consulado General de la Rep\u00fablica Dominicana en New Orleans, Louisiana, EE. UU.","og_description":"New Orleans, EE. UU. \u2013 El Consulado General de la Rep\u00fablica Dominicana en New Orleans particip\u00f3 en la Cumbre de Salud, Tecnolog\u00eda e Innovaci\u00f3n 2025, una importante iniciativa organizada por la C\u00e1mara de Comercio Hispana, que reuni\u00f3 a expertos, autoridades y l\u00edderes comunitarios para abordar temas de alto impacto en el \u00e1mbito sanitario y tecnol\u00f3gico. [&hellip;]","og_url":"https:\/\/usa.mirex.gob.do\/consular\/new-orleans\/consulado-dominicano-participa-en-la-cumbre-de-salud-tecnologia-e-innovacion-2025\/","og_site_name":"Consulado General de la Rep\u00fablica Dominicana en New Orleans, Louisiana, EE. UU.","article_published_time":"2025-06-23T17:44:58+00:00","og_image":[{"width":1599,"height":1066,"url":"https:\/\/usa.mirex.gob.do\/consular\/new-orleans\/wp-content\/uploads\/2025\/06\/Imagen-de-WhatsApp-2025-06-23-a-las-10.11.58_8f5f5c5d.jpg","type":"image\/jpeg"}],"author":"Miguel Santana","twitter_card":"summary_large_image","twitter_misc":{"Written by":"Miguel Santana","Est. reading time":"2 minutes"},"schema":{"@context":"https:\/\/schema.org","@graph":[{"@type":"Article","@id":"https:\/\/usa.mirex.gob.do\/consular\/new-orleans\/consulado-dominicano-participa-en-la-cumbre-de-salud-tecnologia-e-innovacion-2025\/#article","isPartOf":{"@id":"https:\/\/usa.mirex.gob.do\/consular\/new-orleans\/consulado-dominicano-participa-en-la-cumbre-de-salud-tecnologia-e-innovacion-2025\/"},"author":{"name":"Miguel Santana","@id":"https:\/\/usa.mirex.gob.do\/consular\/new-orleans\/#\/schema\/person\/545963d271f542b605d1afe50ec6d958"},"headline":"Consulado Dominicano participa en la Cumbre de Salud, Tecnolog\u00eda e Innovaci\u00f3n 2025","datePublished":"2025-06-23T17:44:58+00:00","mainEntityOfPage":{"@id":"https:\/\/usa.mirex.gob.do\/consular\/new-orleans\/consulado-dominicano-participa-en-la-cumbre-de-salud-tecnologia-e-innovacion-2025\/"},"wordCount":160,"publisher":{"@id":"https:\/\/usa.mirex.gob.do\/consular\/new-orleans\/#organization"},"image":{"@id":"https:\/\/usa.mirex.gob.do\/consular\/new-orleans\/consulado-dominicano-participa-en-la-cumbre-de-salud-tecnologia-e-innovacion-2025\/#primaryimage"},"thumbnailUrl":"https:\/\/usa.mirex.gob.do\/consular\/new-orleans\/wp-content\/uploads\/2025\/06\/Imagen-de-WhatsApp-2025-06-23-a-las-10.11.58_8f5f5c5d.jpg","articleSection":["Noticias"],"inLanguage":"en-US"},{"@type":"WebPage","@id":"https:\/\/usa.mirex.gob.do\/consular\/new-orleans\/consulado-dominicano-participa-en-la-cumbre-de-salud-tecnologia-e-innovacion-2025\/","url":"https:\/\/usa.mirex.gob.do\/consular\/new-orleans\/consulado-dominicano-participa-en-la-cumbre-de-salud-tecnologia-e-innovacion-2025\/","name":"Consulado Dominicano participa en la Cumbre de Salud, Tecnolog\u00eda e Innovaci\u00f3n 2025 - Consulado General de la Rep\u00fablica Dominicana en New Orleans, Louisiana, EE. UU.","isPartOf":{"@id":"https:\/\/usa.mirex.gob.do\/consular\/new-orleans\/#website"},"primaryImageOfPage":{"@id":"https:\/\/usa.mirex.gob.do\/consular\/new-orleans\/consulado-dominicano-participa-en-la-cumbre-de-salud-tecnologia-e-innovacion-2025\/#primaryimage"},"image":{"@id":"https:\/\/usa.mirex.gob.do\/consular\/new-orleans\/consulado-dominicano-participa-en-la-cumbre-de-salud-tecnologia-e-innovacion-2025\/#primaryimage"},"thumbnailUrl":"https:\/\/usa.mirex.gob.do\/consular\/new-orleans\/wp-content\/uploads\/2025\/06\/Imagen-de-WhatsApp-2025-06-23-a-las-10.11.58_8f5f5c5d.jpg","datePublished":"2025-06-23T17:44:58+00:00","breadcrumb":{"@id":"https:\/\/usa.mirex.gob.do\/consular\/new-orleans\/consulado-dominicano-participa-en-la-cumbre-de-salud-tecnologia-e-innovacion-2025\/#breadcrumb"},"inLanguage":"en-US","potentialAction":[{"@type":"ReadAction","target":["https:\/\/usa.mirex.gob.do\/consular\/new-orleans\/consulado-dominicano-participa-en-la-cumbre-de-salud-tecnologia-e-innovacion-2025\/"]}]},{"@type":"ImageObject","inLanguage":"en-US","@id":"https:\/\/usa.mirex.gob.do\/consular\/new-orleans\/consulado-dominicano-participa-en-la-cumbre-de-salud-tecnologia-e-innovacion-2025\/#primaryimage","url":"https:\/\/usa.mirex.gob.do\/consular\/new-orleans\/wp-content\/uploads\/2025\/06\/Imagen-de-WhatsApp-2025-06-23-a-las-10.11.58_8f5f5c5d.jpg","contentUrl":"https:\/\/usa.mirex.gob.do\/consular\/new-orleans\/wp-content\/uploads\/2025\/06\/Imagen-de-WhatsApp-2025-06-23-a-las-10.11.58_8f5f5c5d.jpg","width":1599,"height":1066},{"@type":"BreadcrumbList","@id":"https:\/\/usa.mirex.gob.do\/consular\/new-orleans\/consulado-dominicano-participa-en-la-cumbre-de-salud-tecnologia-e-innovacion-2025\/#breadcrumb","itemListElement":[{"@type":"ListItem","position":1,"name":"Inicio","item":"https:\/\/usa.mirex.gob.do\/consular\/new-orleans\/"},{"@type":"ListItem","position":2,"name":"Consulado Dominicano participa en la Cumbre de Salud, Tecnolog\u00eda e Innovaci\u00f3n 2025"}]},{"@type":"WebSite","@id":"https:\/\/usa.mirex.gob.do\/consular\/new-orleans\/#website","url":"https:\/\/usa.mirex.gob.do\/consular\/new-orleans\/","name":"Consulado General de la Rep\u00fablica Dominicana en New Orleans, Louisiana, EE. UU.","description":"","publisher":{"@id":"https:\/\/usa.mirex.gob.do\/consular\/new-orleans\/#organization"},"potentialAction":[{"@type":"SearchAction","target":{"@type":"EntryPoint","urlTemplate":"https:\/\/usa.mirex.gob.do\/consular\/new-orleans\/?s={search_term_string}"},"query-input":{"@type":"PropertyValueSpecification","valueRequired":true,"valueName":"search_term_string"}}],"inLanguage":"en-US"},{"@type":"Organization","@id":"https:\/\/usa.mirex.gob.do\/consular\/new-orleans\/#organization","name":"Consulado General de la Rep\u00fablica Dominicana en New Orleans, Louisiana, EE. UU.","url":"https:\/\/usa.mirex.gob.do\/consular\/new-orleans\/","logo":{"@type":"ImageObject","inLanguage":"en-US","@id":"https:\/\/usa.mirex.gob.do\/consular\/new-orleans\/#\/schema\/logo\/image\/","url":"https:\/\/usa.mirex.gob.do\/consular\/new-orleans\/wp-content\/uploads\/2022\/05\/CONSULADO-NEW-ORLEANS-RD-04-1-scaled.png","contentUrl":"https:\/\/usa.mirex.gob.do\/consular\/new-orleans\/wp-content\/uploads\/2022\/05\/CONSULADO-NEW-ORLEANS-RD-04-1-scaled.png","width":2560,"height":1100,"caption":"Consulado General de la Rep\u00fablica Dominicana en New Orleans, Louisiana, EE. UU."},"image":{"@id":"https:\/\/usa.mirex.gob.do\/consular\/new-orleans\/#\/schema\/logo\/image\/"}},{"@type":"Person","@id":"https:\/\/usa.mirex.gob.do\/consular\/new-orleans\/#\/schema\/person\/545963d271f542b605d1afe50ec6d958","name":"Miguel Santana","image":{"@type":"ImageObject","inLanguage":"en-US","@id":"https:\/\/secure.gravatar.com\/avatar\/d6d25850d319ec9f3c5b8a4a23c6e205603bf53c3f90534e4361aeb66870a0a4?s=96&d=mm&r=g","url":"https:\/\/secure.gravatar.com\/avatar\/d6d25850d319ec9f3c5b8a4a23c6e205603bf53c3f90534e4361aeb66870a0a4?s=96&d=mm&r=g","contentUrl":"https:\/\/secure.gravatar.com\/avatar\/d6d25850d319ec9f3c5b8a4a23c6e205603bf53c3f90534e4361aeb66870a0a4?s=96&d=mm&r=g","caption":"Miguel Santana"},"sameAs":["https:\/\/usa.mirex.gob.do\/consular\/new-orleans\/"]}]}},"_links":{"self":[{"href":"https:\/\/usa.mirex.gob.do\/consular\/new-orleans\/wp-json\/wp\/v2\/posts\/6396","targetHints":{"allow":["GET"]}}],"collection":[{"href":"https:\/\/usa.mirex.gob.do\/consular\/new-orleans\/wp-json\/wp\/v2\/posts"}],"about":[{"href":"https:\/\/usa.mirex.gob.do\/consular\/new-orleans\/wp-json\/wp\/v2\/types\/post"}],"author":[{"embeddable":true,"href":"https:\/\/usa.mirex.gob.do\/consular\/new-orleans\/wp-json\/wp\/v2\/users\/8"}],"replies":[{"embeddable":true,"href":"https:\/\/usa.mirex.gob.do\/consular\/new-orleans\/wp-json\/wp\/v2\/comments?post=6396"}],"version-history":[{"count":1,"href":"https:\/\/usa.mirex.gob.do\/consular\/new-orleans\/wp-json\/wp\/v2\/posts\/6396\/revisions"}],"predecessor-version":[{"id":6400,"href":"https:\/\/usa.mirex.gob.do\/consular\/new-orleans\/wp-json\/wp\/v2\/posts\/6396\/revisions\/6400"}],"wp:featuredmedia":[{"embeddable":true,"href":"https:\/\/usa.mirex.gob.do\/consular\/new-orleans\/wp-json\/wp\/v2\/media\/6397"}],"wp:attachment":[{"href":"https:\/\/usa.mirex.gob.do\/consular\/new-orleans\/wp-json\/wp\/v2\/media?parent=6396"}],"wp:term":[{"taxonomy":"category","embeddable":true,"href":"https:\/\/usa.mirex.gob.do\/consular\/new-orleans\/wp-json\/wp\/v2\/categories?post=6396"},{"taxonomy":"post_tag","embeddable":true,"href":"https:\/\/usa.mirex.gob.do\/consular\/new-orleans\/wp-json\/wp\/v2\/tags?post=6396"}],"curies":[{"name":"wp","href":"https:\/\/api.w.org\/{rel}","templated":true}]}}