{"id":5893,"date":"2025-01-14T15:13:56","date_gmt":"2025-01-14T15:13:56","guid":{"rendered":"https:\/\/usa.mirex.gob.do\/consular\/new-york\/?p=5893"},"modified":"2025-01-14T15:13:56","modified_gmt":"2025-01-14T15:13:56","slug":"misa-conmemoracion-dia-de-nuestra-senora-de-la-altagracia","status":"publish","type":"post","link":"https:\/\/usa.mirex.gob.do\/consular\/new-york\/misa-conmemoracion-dia-de-nuestra-senora-de-la-altagracia\/","title":{"rendered":"Misa conmemoraci\u00f3n D\u00eda de Nuestra Se\u00f1ora de la Altagracia"},"content":{"rendered":"<p>New York .- Como Consulado Dominicano en Nueva York, fuimos parte de la eucarist\u00eda en honor a la Virgen de la Altagracia, madre y protectora del pueblo dominicano, en su 52\u00ba aniversario, organizada por el Comit\u00e9 Arquidiocesano de la Virgen de la Altagracia en la ciudad de Nueva York. Esta significativa celebraci\u00f3n, rindi\u00f3 un profundo homenaje a la figura espiritual que, con su amor y amparo, gu\u00eda y protege a los dominicanos en todo el mundo. La misa tuvo lugar en la imponente Catedral de San Patricio, un santuario de fe que acoge a la comunidad religiosa, donde se elevaron fervorosas oraciones de agradecimiento y devoci\u00f3n, implorando la bendici\u00f3n y la paz para nuestra gente.<\/p>\n","protected":false},"excerpt":{"rendered":"<p>New York .- Como Consulado Dominicano en Nueva York, fuimos parte de la eucarist\u00eda en honor a la Virgen de la Altagracia, madre y protectora del pueblo dominicano, en su 52\u00ba aniversario, organizada por el Comit\u00e9 Arquidiocesano de la Virgen de la Altagracia en la ciudad de Nueva York. Esta significativa celebraci\u00f3n, rindi\u00f3 un profundo [&hellip;]<\/p>\n","protected":false},"author":6,"featured_media":5895,"comment_status":"closed","ping_status":"open","sticky":false,"template":"","format":"standard","meta":{"site-sidebar-layout":"default","site-content-layout":"","ast-site-content-layout":"default","site-content-style":"default","site-sidebar-style":"default","ast-global-header-display":"","ast-banner-title-visibility":"","ast-main-header-display":"","ast-hfb-above-header-display":"","ast-hfb-below-header-display":"","ast-hfb-mobile-header-display":"","site-post-title":"","ast-breadcrumbs-content":"","ast-featured-img":"","footer-sml-layout":"","ast-disable-related-posts":"","theme-transparent-header-meta":"default","adv-header-id-meta":"","stick-header-meta":"","header-above-stick-meta":"","header-main-stick-meta":"","header-below-stick-meta":"","astra-migrate-meta-layouts":"set","ast-page-background-enabled":"default","ast-page-background-meta":{"desktop":{"background-color":"","background-image":"","background-repeat":"repeat","background-position":"center center","background-size":"auto","background-attachment":"scroll","background-type":"","background-media":"","overlay-type":"","overlay-color":"","overlay-opacity":"","overlay-gradient":""},"tablet":{"background-color":"","background-image":"","background-repeat":"repeat","background-position":"center center","background-size":"auto","background-attachment":"scroll","background-type":"","background-media":"","overlay-type":"","overlay-color":"","overlay-opacity":"","overlay-gradient":""},"mobile":{"background-color":"","background-image":"","background-repeat":"repeat","background-position":"center center","background-size":"auto","background-attachment":"scroll","background-type":"","background-media":"","overlay-type":"","overlay-color":"","overlay-opacity":"","overlay-gradient":""}},"ast-content-background-meta":{"desktop":{"background-color":"var(--ast-global-color-5)","background-image":"","background-repeat":"repeat","background-position":"center center","background-size":"auto","background-attachment":"scroll","background-type":"","background-media":"","overlay-type":"","overlay-color":"","overlay-opacity":"","overlay-gradient":""},"tablet":{"background-color":"var(--ast-global-color-5)","background-image":"","background-repeat":"repeat","background-position":"center center","background-size":"auto","background-attachment":"scroll","background-type":"","background-media":"","overlay-type":"","overlay-color":"","overlay-opacity":"","overlay-gradient":""},"mobile":{"background-color":"var(--ast-global-color-5)","background-image":"","background-repeat":"repeat","background-position":"center center","background-size":"auto","background-attachment":"scroll","background-type":"","background-media":"","overlay-type":"","overlay-color":"","overlay-opacity":"","overlay-gradient":""}},"footnotes":""},"categories":[5],"tags":[],"class_list":["post-5893","post","type-post","status-publish","format-standard","has-post-thumbnail","hentry","category-noticias"],"yoast_head":"<!-- This site is optimized with the Yoast SEO plugin v27.4 - https:\/\/yoast.com\/product\/yoast-seo-wordpress\/ -->\n<title>Misa conmemoraci\u00f3n D\u00eda de Nuestra Se\u00f1ora de la Altagracia - Consulado General de la Rep\u00fablica Dominicana en New York, EE. UU.<\/title>\n<meta name=\"robots\" content=\"index, follow, max-snippet:-1, max-image-preview:large, max-video-preview:-1\" \/>\n<link rel=\"canonical\" href=\"https:\/\/usa.mirex.gob.do\/consular\/new-york\/misa-conmemoracion-dia-de-nuestra-senora-de-la-altagracia\/\" \/>\n<meta property=\"og:locale\" content=\"en_US\" \/>\n<meta property=\"og:type\" content=\"article\" \/>\n<meta property=\"og:title\" content=\"Misa conmemoraci\u00f3n D\u00eda de Nuestra Se\u00f1ora de la Altagracia - Consulado General de la Rep\u00fablica Dominicana en New York, EE. UU.\" \/>\n<meta property=\"og:description\" content=\"New York .- Como Consulado Dominicano en Nueva York, fuimos parte de la eucarist\u00eda en honor a la Virgen de la Altagracia, madre y protectora del pueblo dominicano, en su 52\u00ba aniversario, organizada por el Comit\u00e9 Arquidiocesano de la Virgen de la Altagracia en la ciudad de Nueva York. Esta significativa celebraci\u00f3n, rindi\u00f3 un profundo [&hellip;]\" \/>\n<meta property=\"og:url\" content=\"https:\/\/usa.mirex.gob.do\/consular\/new-york\/misa-conmemoracion-dia-de-nuestra-senora-de-la-altagracia\/\" \/>\n<meta property=\"og:site_name\" content=\"Consulado General de la Rep\u00fablica Dominicana en New York, EE. UU.\" \/>\n<meta property=\"article:published_time\" content=\"2025-01-14T15:13:56+00:00\" \/>\n<meta property=\"og:image\" content=\"https:\/\/usa.mirex.gob.do\/consular\/new-york\/wp-content\/uploads\/2025\/01\/Misa-La-ALtagracia-2025.jpeg\" \/>\n\t<meta property=\"og:image:width\" content=\"1684\" \/>\n\t<meta property=\"og:image:height\" content=\"1263\" \/>\n\t<meta property=\"og:image:type\" content=\"image\/jpeg\" \/>\n<meta name=\"author\" content=\"Wanda Medrano\" \/>\n<meta name=\"twitter:card\" content=\"summary_large_image\" \/>\n<meta name=\"twitter:label1\" content=\"Written by\" \/>\n\t<meta name=\"twitter:data1\" content=\"Wanda Medrano\" \/>\n\t<meta name=\"twitter:label2\" content=\"Est. reading time\" \/>\n\t<meta name=\"twitter:data2\" content=\"1 minute\" \/>\n<script type=\"application\/ld+json\" class=\"yoast-schema-graph\">{\"@context\":\"https:\\\/\\\/schema.org\",\"@graph\":[{\"@type\":\"Article\",\"@id\":\"https:\\\/\\\/usa.mirex.gob.do\\\/consular\\\/new-york\\\/misa-conmemoracion-dia-de-nuestra-senora-de-la-altagracia\\\/#article\",\"isPartOf\":{\"@id\":\"https:\\\/\\\/usa.mirex.gob.do\\\/consular\\\/new-york\\\/misa-conmemoracion-dia-de-nuestra-senora-de-la-altagracia\\\/\"},\"author\":{\"name\":\"Wanda Medrano\",\"@id\":\"https:\\\/\\\/usa.mirex.gob.do\\\/consular\\\/new-york\\\/#\\\/schema\\\/person\\\/68356e8b716a3b0feaa58b121ee8d336\"},\"headline\":\"Misa conmemoraci\u00f3n D\u00eda de Nuestra Se\u00f1ora de la Altagracia\",\"datePublished\":\"2025-01-14T15:13:56+00:00\",\"mainEntityOfPage\":{\"@id\":\"https:\\\/\\\/usa.mirex.gob.do\\\/consular\\\/new-york\\\/misa-conmemoracion-dia-de-nuestra-senora-de-la-altagracia\\\/\"},\"wordCount\":131,\"publisher\":{\"@id\":\"https:\\\/\\\/usa.mirex.gob.do\\\/consular\\\/new-york\\\/#organization\"},\"image\":{\"@id\":\"https:\\\/\\\/usa.mirex.gob.do\\\/consular\\\/new-york\\\/misa-conmemoracion-dia-de-nuestra-senora-de-la-altagracia\\\/#primaryimage\"},\"thumbnailUrl\":\"https:\\\/\\\/usa.mirex.gob.do\\\/consular\\\/new-york\\\/wp-content\\\/uploads\\\/2025\\\/01\\\/Misa-La-ALtagracia-2025.jpeg\",\"articleSection\":[\"Noticias\"],\"inLanguage\":\"en-US\"},{\"@type\":\"WebPage\",\"@id\":\"https:\\\/\\\/usa.mirex.gob.do\\\/consular\\\/new-york\\\/misa-conmemoracion-dia-de-nuestra-senora-de-la-altagracia\\\/\",\"url\":\"https:\\\/\\\/usa.mirex.gob.do\\\/consular\\\/new-york\\\/misa-conmemoracion-dia-de-nuestra-senora-de-la-altagracia\\\/\",\"name\":\"Misa conmemoraci\u00f3n D\u00eda de Nuestra Se\u00f1ora de la Altagracia - Consulado General de la Rep\u00fablica Dominicana en New York, EE. UU.\",\"isPartOf\":{\"@id\":\"https:\\\/\\\/usa.mirex.gob.do\\\/consular\\\/new-york\\\/#website\"},\"primaryImageOfPage\":{\"@id\":\"https:\\\/\\\/usa.mirex.gob.do\\\/consular\\\/new-york\\\/misa-conmemoracion-dia-de-nuestra-senora-de-la-altagracia\\\/#primaryimage\"},\"image\":{\"@id\":\"https:\\\/\\\/usa.mirex.gob.do\\\/consular\\\/new-york\\\/misa-conmemoracion-dia-de-nuestra-senora-de-la-altagracia\\\/#primaryimage\"},\"thumbnailUrl\":\"https:\\\/\\\/usa.mirex.gob.do\\\/consular\\\/new-york\\\/wp-content\\\/uploads\\\/2025\\\/01\\\/Misa-La-ALtagracia-2025.jpeg\",\"datePublished\":\"2025-01-14T15:13:56+00:00\",\"breadcrumb\":{\"@id\":\"https:\\\/\\\/usa.mirex.gob.do\\\/consular\\\/new-york\\\/misa-conmemoracion-dia-de-nuestra-senora-de-la-altagracia\\\/#breadcrumb\"},\"inLanguage\":\"en-US\",\"potentialAction\":[{\"@type\":\"ReadAction\",\"target\":[\"https:\\\/\\\/usa.mirex.gob.do\\\/consular\\\/new-york\\\/misa-conmemoracion-dia-de-nuestra-senora-de-la-altagracia\\\/\"]}]},{\"@type\":\"ImageObject\",\"inLanguage\":\"en-US\",\"@id\":\"https:\\\/\\\/usa.mirex.gob.do\\\/consular\\\/new-york\\\/misa-conmemoracion-dia-de-nuestra-senora-de-la-altagracia\\\/#primaryimage\",\"url\":\"https:\\\/\\\/usa.mirex.gob.do\\\/consular\\\/new-york\\\/wp-content\\\/uploads\\\/2025\\\/01\\\/Misa-La-ALtagracia-2025.jpeg\",\"contentUrl\":\"https:\\\/\\\/usa.mirex.gob.do\\\/consular\\\/new-york\\\/wp-content\\\/uploads\\\/2025\\\/01\\\/Misa-La-ALtagracia-2025.jpeg\",\"width\":1684,\"height\":1263},{\"@type\":\"BreadcrumbList\",\"@id\":\"https:\\\/\\\/usa.mirex.gob.do\\\/consular\\\/new-york\\\/misa-conmemoracion-dia-de-nuestra-senora-de-la-altagracia\\\/#breadcrumb\",\"itemListElement\":[{\"@type\":\"ListItem\",\"position\":1,\"name\":\"Inicio\",\"item\":\"https:\\\/\\\/usa.mirex.gob.do\\\/consular\\\/new-york\\\/\"},{\"@type\":\"ListItem\",\"position\":2,\"name\":\"Misa conmemoraci\u00f3n D\u00eda de Nuestra Se\u00f1ora de la Altagracia\"}]},{\"@type\":\"WebSite\",\"@id\":\"https:\\\/\\\/usa.mirex.gob.do\\\/consular\\\/new-york\\\/#website\",\"url\":\"https:\\\/\\\/usa.mirex.gob.do\\\/consular\\\/new-york\\\/\",\"name\":\"Consulado General de la Rep\u00fablica Dominicana en New York, EE. UU.\",\"description\":\"\",\"publisher\":{\"@id\":\"https:\\\/\\\/usa.mirex.gob.do\\\/consular\\\/new-york\\\/#organization\"},\"potentialAction\":[{\"@type\":\"SearchAction\",\"target\":{\"@type\":\"EntryPoint\",\"urlTemplate\":\"https:\\\/\\\/usa.mirex.gob.do\\\/consular\\\/new-york\\\/?s={search_term_string}\"},\"query-input\":{\"@type\":\"PropertyValueSpecification\",\"valueRequired\":true,\"valueName\":\"search_term_string\"}}],\"inLanguage\":\"en-US\"},{\"@type\":\"Organization\",\"@id\":\"https:\\\/\\\/usa.mirex.gob.do\\\/consular\\\/new-york\\\/#organization\",\"name\":\"Consulado General de la Rep\u00fablica Dominicana en New York, EE. UU.\",\"url\":\"https:\\\/\\\/usa.mirex.gob.do\\\/consular\\\/new-york\\\/\",\"logo\":{\"@type\":\"ImageObject\",\"inLanguage\":\"en-US\",\"@id\":\"https:\\\/\\\/usa.mirex.gob.do\\\/consular\\\/new-york\\\/#\\\/schema\\\/logo\\\/image\\\/\",\"url\":\"https:\\\/\\\/usa.mirex.gob.do\\\/consular\\\/new-york\\\/wp-content\\\/uploads\\\/2021\\\/09\\\/CONSULADO-NEW-YORK-USA-RD-04.png\",\"contentUrl\":\"https:\\\/\\\/usa.mirex.gob.do\\\/consular\\\/new-york\\\/wp-content\\\/uploads\\\/2021\\\/09\\\/CONSULADO-NEW-YORK-USA-RD-04.png\",\"width\":4163,\"height\":1788,\"caption\":\"Consulado General de la Rep\u00fablica Dominicana en New York, EE. UU.\"},\"image\":{\"@id\":\"https:\\\/\\\/usa.mirex.gob.do\\\/consular\\\/new-york\\\/#\\\/schema\\\/logo\\\/image\\\/\"}},{\"@type\":\"Person\",\"@id\":\"https:\\\/\\\/usa.mirex.gob.do\\\/consular\\\/new-york\\\/#\\\/schema\\\/person\\\/68356e8b716a3b0feaa58b121ee8d336\",\"name\":\"Wanda Medrano\",\"image\":{\"@type\":\"ImageObject\",\"inLanguage\":\"en-US\",\"@id\":\"https:\\\/\\\/secure.gravatar.com\\\/avatar\\\/36faab3e7ace6fe280d194f4e39b5eeca8ae9690fc2ae87462a953fbe53672e3?s=96&d=mm&r=g\",\"url\":\"https:\\\/\\\/secure.gravatar.com\\\/avatar\\\/36faab3e7ace6fe280d194f4e39b5eeca8ae9690fc2ae87462a953fbe53672e3?s=96&d=mm&r=g\",\"contentUrl\":\"https:\\\/\\\/secure.gravatar.com\\\/avatar\\\/36faab3e7ace6fe280d194f4e39b5eeca8ae9690fc2ae87462a953fbe53672e3?s=96&d=mm&r=g\",\"caption\":\"Wanda Medrano\"}}]}<\/script>\n<!-- \/ Yoast SEO plugin. -->","yoast_head_json":{"title":"Misa conmemoraci\u00f3n D\u00eda de Nuestra Se\u00f1ora de la Altagracia - Consulado General de la Rep\u00fablica Dominicana en New York, EE. UU.","robots":{"index":"index","follow":"follow","max-snippet":"max-snippet:-1","max-image-preview":"max-image-preview:large","max-video-preview":"max-video-preview:-1"},"canonical":"https:\/\/usa.mirex.gob.do\/consular\/new-york\/misa-conmemoracion-dia-de-nuestra-senora-de-la-altagracia\/","og_locale":"en_US","og_type":"article","og_title":"Misa conmemoraci\u00f3n D\u00eda de Nuestra Se\u00f1ora de la Altagracia - Consulado General de la Rep\u00fablica Dominicana en New York, EE. UU.","og_description":"New York .- Como Consulado Dominicano en Nueva York, fuimos parte de la eucarist\u00eda en honor a la Virgen de la Altagracia, madre y protectora del pueblo dominicano, en su 52\u00ba aniversario, organizada por el Comit\u00e9 Arquidiocesano de la Virgen de la Altagracia en la ciudad de Nueva York. Esta significativa celebraci\u00f3n, rindi\u00f3 un profundo [&hellip;]","og_url":"https:\/\/usa.mirex.gob.do\/consular\/new-york\/misa-conmemoracion-dia-de-nuestra-senora-de-la-altagracia\/","og_site_name":"Consulado General de la Rep\u00fablica Dominicana en New York, EE. UU.","article_published_time":"2025-01-14T15:13:56+00:00","og_image":[{"width":1684,"height":1263,"url":"https:\/\/usa.mirex.gob.do\/consular\/new-york\/wp-content\/uploads\/2025\/01\/Misa-La-ALtagracia-2025.jpeg","type":"image\/jpeg"}],"author":"Wanda Medrano","twitter_card":"summary_large_image","twitter_misc":{"Written by":"Wanda Medrano","Est. reading time":"1 minute"},"schema":{"@context":"https:\/\/schema.org","@graph":[{"@type":"Article","@id":"https:\/\/usa.mirex.gob.do\/consular\/new-york\/misa-conmemoracion-dia-de-nuestra-senora-de-la-altagracia\/#article","isPartOf":{"@id":"https:\/\/usa.mirex.gob.do\/consular\/new-york\/misa-conmemoracion-dia-de-nuestra-senora-de-la-altagracia\/"},"author":{"name":"Wanda Medrano","@id":"https:\/\/usa.mirex.gob.do\/consular\/new-york\/#\/schema\/person\/68356e8b716a3b0feaa58b121ee8d336"},"headline":"Misa conmemoraci\u00f3n D\u00eda de Nuestra Se\u00f1ora de la Altagracia","datePublished":"2025-01-14T15:13:56+00:00","mainEntityOfPage":{"@id":"https:\/\/usa.mirex.gob.do\/consular\/new-york\/misa-conmemoracion-dia-de-nuestra-senora-de-la-altagracia\/"},"wordCount":131,"publisher":{"@id":"https:\/\/usa.mirex.gob.do\/consular\/new-york\/#organization"},"image":{"@id":"https:\/\/usa.mirex.gob.do\/consular\/new-york\/misa-conmemoracion-dia-de-nuestra-senora-de-la-altagracia\/#primaryimage"},"thumbnailUrl":"https:\/\/usa.mirex.gob.do\/consular\/new-york\/wp-content\/uploads\/2025\/01\/Misa-La-ALtagracia-2025.jpeg","articleSection":["Noticias"],"inLanguage":"en-US"},{"@type":"WebPage","@id":"https:\/\/usa.mirex.gob.do\/consular\/new-york\/misa-conmemoracion-dia-de-nuestra-senora-de-la-altagracia\/","url":"https:\/\/usa.mirex.gob.do\/consular\/new-york\/misa-conmemoracion-dia-de-nuestra-senora-de-la-altagracia\/","name":"Misa conmemoraci\u00f3n D\u00eda de Nuestra Se\u00f1ora de la Altagracia - Consulado General de la Rep\u00fablica Dominicana en New York, EE. UU.","isPartOf":{"@id":"https:\/\/usa.mirex.gob.do\/consular\/new-york\/#website"},"primaryImageOfPage":{"@id":"https:\/\/usa.mirex.gob.do\/consular\/new-york\/misa-conmemoracion-dia-de-nuestra-senora-de-la-altagracia\/#primaryimage"},"image":{"@id":"https:\/\/usa.mirex.gob.do\/consular\/new-york\/misa-conmemoracion-dia-de-nuestra-senora-de-la-altagracia\/#primaryimage"},"thumbnailUrl":"https:\/\/usa.mirex.gob.do\/consular\/new-york\/wp-content\/uploads\/2025\/01\/Misa-La-ALtagracia-2025.jpeg","datePublished":"2025-01-14T15:13:56+00:00","breadcrumb":{"@id":"https:\/\/usa.mirex.gob.do\/consular\/new-york\/misa-conmemoracion-dia-de-nuestra-senora-de-la-altagracia\/#breadcrumb"},"inLanguage":"en-US","potentialAction":[{"@type":"ReadAction","target":["https:\/\/usa.mirex.gob.do\/consular\/new-york\/misa-conmemoracion-dia-de-nuestra-senora-de-la-altagracia\/"]}]},{"@type":"ImageObject","inLanguage":"en-US","@id":"https:\/\/usa.mirex.gob.do\/consular\/new-york\/misa-conmemoracion-dia-de-nuestra-senora-de-la-altagracia\/#primaryimage","url":"https:\/\/usa.mirex.gob.do\/consular\/new-york\/wp-content\/uploads\/2025\/01\/Misa-La-ALtagracia-2025.jpeg","contentUrl":"https:\/\/usa.mirex.gob.do\/consular\/new-york\/wp-content\/uploads\/2025\/01\/Misa-La-ALtagracia-2025.jpeg","width":1684,"height":1263},{"@type":"BreadcrumbList","@id":"https:\/\/usa.mirex.gob.do\/consular\/new-york\/misa-conmemoracion-dia-de-nuestra-senora-de-la-altagracia\/#breadcrumb","itemListElement":[{"@type":"ListItem","position":1,"name":"Inicio","item":"https:\/\/usa.mirex.gob.do\/consular\/new-york\/"},{"@type":"ListItem","position":2,"name":"Misa conmemoraci\u00f3n D\u00eda de Nuestra Se\u00f1ora de la Altagracia"}]},{"@type":"WebSite","@id":"https:\/\/usa.mirex.gob.do\/consular\/new-york\/#website","url":"https:\/\/usa.mirex.gob.do\/consular\/new-york\/","name":"Consulado General de la Rep\u00fablica Dominicana en New York, EE. UU.","description":"","publisher":{"@id":"https:\/\/usa.mirex.gob.do\/consular\/new-york\/#organization"},"potentialAction":[{"@type":"SearchAction","target":{"@type":"EntryPoint","urlTemplate":"https:\/\/usa.mirex.gob.do\/consular\/new-york\/?s={search_term_string}"},"query-input":{"@type":"PropertyValueSpecification","valueRequired":true,"valueName":"search_term_string"}}],"inLanguage":"en-US"},{"@type":"Organization","@id":"https:\/\/usa.mirex.gob.do\/consular\/new-york\/#organization","name":"Consulado General de la Rep\u00fablica Dominicana en New York, EE. UU.","url":"https:\/\/usa.mirex.gob.do\/consular\/new-york\/","logo":{"@type":"ImageObject","inLanguage":"en-US","@id":"https:\/\/usa.mirex.gob.do\/consular\/new-york\/#\/schema\/logo\/image\/","url":"https:\/\/usa.mirex.gob.do\/consular\/new-york\/wp-content\/uploads\/2021\/09\/CONSULADO-NEW-YORK-USA-RD-04.png","contentUrl":"https:\/\/usa.mirex.gob.do\/consular\/new-york\/wp-content\/uploads\/2021\/09\/CONSULADO-NEW-YORK-USA-RD-04.png","width":4163,"height":1788,"caption":"Consulado General de la Rep\u00fablica Dominicana en New York, EE. UU."},"image":{"@id":"https:\/\/usa.mirex.gob.do\/consular\/new-york\/#\/schema\/logo\/image\/"}},{"@type":"Person","@id":"https:\/\/usa.mirex.gob.do\/consular\/new-york\/#\/schema\/person\/68356e8b716a3b0feaa58b121ee8d336","name":"Wanda Medrano","image":{"@type":"ImageObject","inLanguage":"en-US","@id":"https:\/\/secure.gravatar.com\/avatar\/36faab3e7ace6fe280d194f4e39b5eeca8ae9690fc2ae87462a953fbe53672e3?s=96&d=mm&r=g","url":"https:\/\/secure.gravatar.com\/avatar\/36faab3e7ace6fe280d194f4e39b5eeca8ae9690fc2ae87462a953fbe53672e3?s=96&d=mm&r=g","contentUrl":"https:\/\/secure.gravatar.com\/avatar\/36faab3e7ace6fe280d194f4e39b5eeca8ae9690fc2ae87462a953fbe53672e3?s=96&d=mm&r=g","caption":"Wanda Medrano"}}]}},"_links":{"self":[{"href":"https:\/\/usa.mirex.gob.do\/consular\/new-york\/wp-json\/wp\/v2\/posts\/5893","targetHints":{"allow":["GET"]}}],"collection":[{"href":"https:\/\/usa.mirex.gob.do\/consular\/new-york\/wp-json\/wp\/v2\/posts"}],"about":[{"href":"https:\/\/usa.mirex.gob.do\/consular\/new-york\/wp-json\/wp\/v2\/types\/post"}],"author":[{"embeddable":true,"href":"https:\/\/usa.mirex.gob.do\/consular\/new-york\/wp-json\/wp\/v2\/users\/6"}],"replies":[{"embeddable":true,"href":"https:\/\/usa.mirex.gob.do\/consular\/new-york\/wp-json\/wp\/v2\/comments?post=5893"}],"version-history":[{"count":1,"href":"https:\/\/usa.mirex.gob.do\/consular\/new-york\/wp-json\/wp\/v2\/posts\/5893\/revisions"}],"predecessor-version":[{"id":5894,"href":"https:\/\/usa.mirex.gob.do\/consular\/new-york\/wp-json\/wp\/v2\/posts\/5893\/revisions\/5894"}],"wp:featuredmedia":[{"embeddable":true,"href":"https:\/\/usa.mirex.gob.do\/consular\/new-york\/wp-json\/wp\/v2\/media\/5895"}],"wp:attachment":[{"href":"https:\/\/usa.mirex.gob.do\/consular\/new-york\/wp-json\/wp\/v2\/media?parent=5893"}],"wp:term":[{"taxonomy":"category","embeddable":true,"href":"https:\/\/usa.mirex.gob.do\/consular\/new-york\/wp-json\/wp\/v2\/categories?post=5893"},{"taxonomy":"post_tag","embeddable":true,"href":"https:\/\/usa.mirex.gob.do\/consular\/new-york\/wp-json\/wp\/v2\/tags?post=5893"}],"curies":[{"name":"wp","href":"https:\/\/api.w.org\/{rel}","templated":true}]}}