{"id":6301,"date":"2026-04-20T18:00:01","date_gmt":"2026-04-20T18:00:01","guid":{"rendered":"https:\/\/usa.mirex.gob.do\/consular\/new-york\/?p=6301"},"modified":"2026-04-20T18:00:01","modified_gmt":"2026-04-20T18:00:01","slug":"index-y-el-consulado-dominicano-en-nueva-york-realizan-foro-con-lideres-dominicanos-en-estados-unidos","status":"publish","type":"post","link":"https:\/\/usa.mirex.gob.do\/consular\/new-york\/index-y-el-consulado-dominicano-en-nueva-york-realizan-foro-con-lideres-dominicanos-en-estados-unidos\/","title":{"rendered":"INDEX y el Consulado Dominicano en Nueva York realizan Foro con L\u00edderes Dominicanos en Estados Unidos"},"content":{"rendered":"<p>El Instituto de Dominicanos y Dominicanas en el Exterior (INDEX), junto al Consulado General de la Rep\u00fablica Dominicana en Nueva York, celebr\u00f3 el primer Foro de L\u00edderes Dominicanos en Estados Unidos, reuniendo a funcionarios electos y l\u00edderes comunitarios de distintos estados como Colorado, Massachusetts, Nueva Jersey, Nueva York, Pensilvania y Rhode Island. Durante el encuentro, los participantes compartieron sus experiencias y destacaron el esfuerzo de la di\u00e1spora por sobresalir y contribuir al desarrollo de la comunidad dominicana en el exterior.<\/p>\n<p>La actividad estuvo encabezada por la viceministra para las Comunidades Dominicanas en el Exterior y directora ejecutiva del INDEX, Celin\u00e9s Toribio, junto al c\u00f3nsul en Nueva York, Jes\u00fas V\u00e1squez, quienes resaltaron la importancia de la unidad, el liderazgo y la visibilidad de los dominicanos en el extranjero. Ambos coincidieron en que este tipo de iniciativas fortalecen la representaci\u00f3n de la comunidad y deben replicarse para seguir impulsando el crecimiento y la proyecci\u00f3n de las futuras generaciones.<\/p>\n","protected":false},"excerpt":{"rendered":"<p>El Instituto de Dominicanos y Dominicanas en el Exterior (INDEX), junto al Consulado General de la Rep\u00fablica Dominicana en Nueva York, celebr\u00f3 el primer Foro de L\u00edderes Dominicanos en Estados Unidos, reuniendo a funcionarios electos y l\u00edderes comunitarios de distintos estados como Colorado, Massachusetts, Nueva Jersey, Nueva York, Pensilvania y Rhode Island. Durante el encuentro, [&hellip;]<\/p>\n","protected":false},"author":9,"featured_media":6302,"comment_status":"closed","ping_status":"open","sticky":false,"template":"","format":"standard","meta":{"site-sidebar-layout":"default","site-content-layout":"","ast-site-content-layout":"default","site-content-style":"default","site-sidebar-style":"default","ast-global-header-display":"","ast-banner-title-visibility":"","ast-main-header-display":"","ast-hfb-above-header-display":"","ast-hfb-below-header-display":"","ast-hfb-mobile-header-display":"","site-post-title":"","ast-breadcrumbs-content":"","ast-featured-img":"","footer-sml-layout":"","ast-disable-related-posts":"","theme-transparent-header-meta":"default","adv-header-id-meta":"","stick-header-meta":"","header-above-stick-meta":"","header-main-stick-meta":"","header-below-stick-meta":"","astra-migrate-meta-layouts":"set","ast-page-background-enabled":"default","ast-page-background-meta":{"desktop":{"background-color":"","background-image":"","background-repeat":"repeat","background-position":"center center","background-size":"auto","background-attachment":"scroll","background-type":"","background-media":"","overlay-type":"","overlay-color":"","overlay-opacity":"","overlay-gradient":""},"tablet":{"background-color":"","background-image":"","background-repeat":"repeat","background-position":"center center","background-size":"auto","background-attachment":"scroll","background-type":"","background-media":"","overlay-type":"","overlay-color":"","overlay-opacity":"","overlay-gradient":""},"mobile":{"background-color":"","background-image":"","background-repeat":"repeat","background-position":"center center","background-size":"auto","background-attachment":"scroll","background-type":"","background-media":"","overlay-type":"","overlay-color":"","overlay-opacity":"","overlay-gradient":""}},"ast-content-background-meta":{"desktop":{"background-color":"var(--ast-global-color-5)","background-image":"","background-repeat":"repeat","background-position":"center center","background-size":"auto","background-attachment":"scroll","background-type":"","background-media":"","overlay-type":"","overlay-color":"","overlay-opacity":"","overlay-gradient":""},"tablet":{"background-color":"var(--ast-global-color-5)","background-image":"","background-repeat":"repeat","background-position":"center center","background-size":"auto","background-attachment":"scroll","background-type":"","background-media":"","overlay-type":"","overlay-color":"","overlay-opacity":"","overlay-gradient":""},"mobile":{"background-color":"var(--ast-global-color-5)","background-image":"","background-repeat":"repeat","background-position":"center center","background-size":"auto","background-attachment":"scroll","background-type":"","background-media":"","overlay-type":"","overlay-color":"","overlay-opacity":"","overlay-gradient":""}},"footnotes":""},"categories":[1],"tags":[],"class_list":["post-6301","post","type-post","status-publish","format-standard","has-post-thumbnail","hentry","category-sin-categorizar"],"yoast_head":"<!-- This site is optimized with the Yoast SEO plugin v27.5 - https:\/\/yoast.com\/product\/yoast-seo-wordpress\/ -->\n<title>INDEX y el Consulado Dominicano en Nueva York realizan Foro con L\u00edderes Dominicanos en Estados Unidos - Consulado General de la Rep\u00fablica Dominicana en New York, EE. UU.<\/title>\n<meta name=\"robots\" content=\"index, follow, max-snippet:-1, max-image-preview:large, max-video-preview:-1\" \/>\n<link rel=\"canonical\" href=\"https:\/\/usa.mirex.gob.do\/consular\/new-york\/index-y-el-consulado-dominicano-en-nueva-york-realizan-foro-con-lideres-dominicanos-en-estados-unidos\/\" \/>\n<meta property=\"og:locale\" content=\"en_US\" \/>\n<meta property=\"og:type\" content=\"article\" \/>\n<meta property=\"og:title\" content=\"INDEX y el Consulado Dominicano en Nueva York realizan Foro con L\u00edderes Dominicanos en Estados Unidos - Consulado General de la Rep\u00fablica Dominicana en New York, EE. UU.\" \/>\n<meta property=\"og:description\" content=\"El Instituto de Dominicanos y Dominicanas en el Exterior (INDEX), junto al Consulado General de la Rep\u00fablica Dominicana en Nueva York, celebr\u00f3 el primer Foro de L\u00edderes Dominicanos en Estados Unidos, reuniendo a funcionarios electos y l\u00edderes comunitarios de distintos estados como Colorado, Massachusetts, Nueva Jersey, Nueva York, Pensilvania y Rhode Island. Durante el encuentro, [&hellip;]\" \/>\n<meta property=\"og:url\" content=\"https:\/\/usa.mirex.gob.do\/consular\/new-york\/index-y-el-consulado-dominicano-en-nueva-york-realizan-foro-con-lideres-dominicanos-en-estados-unidos\/\" \/>\n<meta property=\"og:site_name\" content=\"Consulado General de la Rep\u00fablica Dominicana en New York, EE. UU.\" \/>\n<meta property=\"article:published_time\" content=\"2026-04-20T18:00:01+00:00\" \/>\n<meta property=\"og:image\" content=\"https:\/\/usa.mirex.gob.do\/consular\/new-york\/wp-content\/uploads\/2026\/04\/Foto-Index.jpeg\" \/>\n\t<meta property=\"og:image:width\" content=\"906\" \/>\n\t<meta property=\"og:image:height\" content=\"613\" \/>\n\t<meta property=\"og:image:type\" content=\"image\/jpeg\" \/>\n<meta name=\"author\" content=\"Santiago Oviedo\" \/>\n<meta name=\"twitter:card\" content=\"summary_large_image\" \/>\n<meta name=\"twitter:label1\" content=\"Written by\" \/>\n\t<meta name=\"twitter:data1\" content=\"Santiago Oviedo\" \/>\n\t<meta name=\"twitter:label2\" content=\"Est. reading time\" \/>\n\t<meta name=\"twitter:data2\" content=\"1 minute\" \/>\n<script type=\"application\/ld+json\" class=\"yoast-schema-graph\">{\"@context\":\"https:\\\/\\\/schema.org\",\"@graph\":[{\"@type\":\"Article\",\"@id\":\"https:\\\/\\\/usa.mirex.gob.do\\\/consular\\\/new-york\\\/index-y-el-consulado-dominicano-en-nueva-york-realizan-foro-con-lideres-dominicanos-en-estados-unidos\\\/#article\",\"isPartOf\":{\"@id\":\"https:\\\/\\\/usa.mirex.gob.do\\\/consular\\\/new-york\\\/index-y-el-consulado-dominicano-en-nueva-york-realizan-foro-con-lideres-dominicanos-en-estados-unidos\\\/\"},\"author\":{\"name\":\"Santiago Oviedo\",\"@id\":\"https:\\\/\\\/usa.mirex.gob.do\\\/consular\\\/new-york\\\/#\\\/schema\\\/person\\\/6172d615124f993ce43bd47992cfb6e0\"},\"headline\":\"INDEX y el Consulado Dominicano en Nueva York realizan Foro con L\u00edderes Dominicanos en Estados Unidos\",\"datePublished\":\"2026-04-20T18:00:01+00:00\",\"mainEntityOfPage\":{\"@id\":\"https:\\\/\\\/usa.mirex.gob.do\\\/consular\\\/new-york\\\/index-y-el-consulado-dominicano-en-nueva-york-realizan-foro-con-lideres-dominicanos-en-estados-unidos\\\/\"},\"wordCount\":183,\"publisher\":{\"@id\":\"https:\\\/\\\/usa.mirex.gob.do\\\/consular\\\/new-york\\\/#organization\"},\"image\":{\"@id\":\"https:\\\/\\\/usa.mirex.gob.do\\\/consular\\\/new-york\\\/index-y-el-consulado-dominicano-en-nueva-york-realizan-foro-con-lideres-dominicanos-en-estados-unidos\\\/#primaryimage\"},\"thumbnailUrl\":\"https:\\\/\\\/usa.mirex.gob.do\\\/consular\\\/new-york\\\/wp-content\\\/uploads\\\/2026\\\/04\\\/Foto-Index.jpeg\",\"articleSection\":[\"Sin categorizar\"],\"inLanguage\":\"en-US\"},{\"@type\":\"WebPage\",\"@id\":\"https:\\\/\\\/usa.mirex.gob.do\\\/consular\\\/new-york\\\/index-y-el-consulado-dominicano-en-nueva-york-realizan-foro-con-lideres-dominicanos-en-estados-unidos\\\/\",\"url\":\"https:\\\/\\\/usa.mirex.gob.do\\\/consular\\\/new-york\\\/index-y-el-consulado-dominicano-en-nueva-york-realizan-foro-con-lideres-dominicanos-en-estados-unidos\\\/\",\"name\":\"INDEX y el Consulado Dominicano en Nueva York realizan Foro con L\u00edderes Dominicanos en Estados Unidos - Consulado General de la Rep\u00fablica Dominicana en New York, EE. UU.\",\"isPartOf\":{\"@id\":\"https:\\\/\\\/usa.mirex.gob.do\\\/consular\\\/new-york\\\/#website\"},\"primaryImageOfPage\":{\"@id\":\"https:\\\/\\\/usa.mirex.gob.do\\\/consular\\\/new-york\\\/index-y-el-consulado-dominicano-en-nueva-york-realizan-foro-con-lideres-dominicanos-en-estados-unidos\\\/#primaryimage\"},\"image\":{\"@id\":\"https:\\\/\\\/usa.mirex.gob.do\\\/consular\\\/new-york\\\/index-y-el-consulado-dominicano-en-nueva-york-realizan-foro-con-lideres-dominicanos-en-estados-unidos\\\/#primaryimage\"},\"thumbnailUrl\":\"https:\\\/\\\/usa.mirex.gob.do\\\/consular\\\/new-york\\\/wp-content\\\/uploads\\\/2026\\\/04\\\/Foto-Index.jpeg\",\"datePublished\":\"2026-04-20T18:00:01+00:00\",\"breadcrumb\":{\"@id\":\"https:\\\/\\\/usa.mirex.gob.do\\\/consular\\\/new-york\\\/index-y-el-consulado-dominicano-en-nueva-york-realizan-foro-con-lideres-dominicanos-en-estados-unidos\\\/#breadcrumb\"},\"inLanguage\":\"en-US\",\"potentialAction\":[{\"@type\":\"ReadAction\",\"target\":[\"https:\\\/\\\/usa.mirex.gob.do\\\/consular\\\/new-york\\\/index-y-el-consulado-dominicano-en-nueva-york-realizan-foro-con-lideres-dominicanos-en-estados-unidos\\\/\"]}]},{\"@type\":\"ImageObject\",\"inLanguage\":\"en-US\",\"@id\":\"https:\\\/\\\/usa.mirex.gob.do\\\/consular\\\/new-york\\\/index-y-el-consulado-dominicano-en-nueva-york-realizan-foro-con-lideres-dominicanos-en-estados-unidos\\\/#primaryimage\",\"url\":\"https:\\\/\\\/usa.mirex.gob.do\\\/consular\\\/new-york\\\/wp-content\\\/uploads\\\/2026\\\/04\\\/Foto-Index.jpeg\",\"contentUrl\":\"https:\\\/\\\/usa.mirex.gob.do\\\/consular\\\/new-york\\\/wp-content\\\/uploads\\\/2026\\\/04\\\/Foto-Index.jpeg\",\"width\":906,\"height\":613},{\"@type\":\"BreadcrumbList\",\"@id\":\"https:\\\/\\\/usa.mirex.gob.do\\\/consular\\\/new-york\\\/index-y-el-consulado-dominicano-en-nueva-york-realizan-foro-con-lideres-dominicanos-en-estados-unidos\\\/#breadcrumb\",\"itemListElement\":[{\"@type\":\"ListItem\",\"position\":1,\"name\":\"Inicio\",\"item\":\"https:\\\/\\\/usa.mirex.gob.do\\\/consular\\\/new-york\\\/\"},{\"@type\":\"ListItem\",\"position\":2,\"name\":\"INDEX y el Consulado Dominicano en Nueva York realizan Foro con L\u00edderes Dominicanos en Estados Unidos\"}]},{\"@type\":\"WebSite\",\"@id\":\"https:\\\/\\\/usa.mirex.gob.do\\\/consular\\\/new-york\\\/#website\",\"url\":\"https:\\\/\\\/usa.mirex.gob.do\\\/consular\\\/new-york\\\/\",\"name\":\"Consulado General de la Rep\u00fablica Dominicana en New York, EE. UU.\",\"description\":\"\",\"publisher\":{\"@id\":\"https:\\\/\\\/usa.mirex.gob.do\\\/consular\\\/new-york\\\/#organization\"},\"potentialAction\":[{\"@type\":\"SearchAction\",\"target\":{\"@type\":\"EntryPoint\",\"urlTemplate\":\"https:\\\/\\\/usa.mirex.gob.do\\\/consular\\\/new-york\\\/?s={search_term_string}\"},\"query-input\":{\"@type\":\"PropertyValueSpecification\",\"valueRequired\":true,\"valueName\":\"search_term_string\"}}],\"inLanguage\":\"en-US\"},{\"@type\":\"Organization\",\"@id\":\"https:\\\/\\\/usa.mirex.gob.do\\\/consular\\\/new-york\\\/#organization\",\"name\":\"Consulado General de la Rep\u00fablica Dominicana en New York, EE. UU.\",\"url\":\"https:\\\/\\\/usa.mirex.gob.do\\\/consular\\\/new-york\\\/\",\"logo\":{\"@type\":\"ImageObject\",\"inLanguage\":\"en-US\",\"@id\":\"https:\\\/\\\/usa.mirex.gob.do\\\/consular\\\/new-york\\\/#\\\/schema\\\/logo\\\/image\\\/\",\"url\":\"https:\\\/\\\/usa.mirex.gob.do\\\/consular\\\/new-york\\\/wp-content\\\/uploads\\\/2021\\\/09\\\/CONSULADO-NEW-YORK-USA-RD-04.png\",\"contentUrl\":\"https:\\\/\\\/usa.mirex.gob.do\\\/consular\\\/new-york\\\/wp-content\\\/uploads\\\/2021\\\/09\\\/CONSULADO-NEW-YORK-USA-RD-04.png\",\"width\":4163,\"height\":1788,\"caption\":\"Consulado General de la Rep\u00fablica Dominicana en New York, EE. UU.\"},\"image\":{\"@id\":\"https:\\\/\\\/usa.mirex.gob.do\\\/consular\\\/new-york\\\/#\\\/schema\\\/logo\\\/image\\\/\"}},{\"@type\":\"Person\",\"@id\":\"https:\\\/\\\/usa.mirex.gob.do\\\/consular\\\/new-york\\\/#\\\/schema\\\/person\\\/6172d615124f993ce43bd47992cfb6e0\",\"name\":\"Santiago Oviedo\",\"image\":{\"@type\":\"ImageObject\",\"inLanguage\":\"en-US\",\"@id\":\"https:\\\/\\\/secure.gravatar.com\\\/avatar\\\/21b7f9e43e66e22427aec88c30c9334e922b3ad83d40ed4b7568e36d892134c4?s=96&d=mm&r=g\",\"url\":\"https:\\\/\\\/secure.gravatar.com\\\/avatar\\\/21b7f9e43e66e22427aec88c30c9334e922b3ad83d40ed4b7568e36d892134c4?s=96&d=mm&r=g\",\"contentUrl\":\"https:\\\/\\\/secure.gravatar.com\\\/avatar\\\/21b7f9e43e66e22427aec88c30c9334e922b3ad83d40ed4b7568e36d892134c4?s=96&d=mm&r=g\",\"caption\":\"Santiago Oviedo\"}}]}<\/script>\n<!-- \/ Yoast SEO plugin. -->","yoast_head_json":{"title":"INDEX y el Consulado Dominicano en Nueva York realizan Foro con L\u00edderes Dominicanos en Estados Unidos - Consulado General de la Rep\u00fablica Dominicana en New York, EE. UU.","robots":{"index":"index","follow":"follow","max-snippet":"max-snippet:-1","max-image-preview":"max-image-preview:large","max-video-preview":"max-video-preview:-1"},"canonical":"https:\/\/usa.mirex.gob.do\/consular\/new-york\/index-y-el-consulado-dominicano-en-nueva-york-realizan-foro-con-lideres-dominicanos-en-estados-unidos\/","og_locale":"en_US","og_type":"article","og_title":"INDEX y el Consulado Dominicano en Nueva York realizan Foro con L\u00edderes Dominicanos en Estados Unidos - Consulado General de la Rep\u00fablica Dominicana en New York, EE. UU.","og_description":"El Instituto de Dominicanos y Dominicanas en el Exterior (INDEX), junto al Consulado General de la Rep\u00fablica Dominicana en Nueva York, celebr\u00f3 el primer Foro de L\u00edderes Dominicanos en Estados Unidos, reuniendo a funcionarios electos y l\u00edderes comunitarios de distintos estados como Colorado, Massachusetts, Nueva Jersey, Nueva York, Pensilvania y Rhode Island. Durante el encuentro, [&hellip;]","og_url":"https:\/\/usa.mirex.gob.do\/consular\/new-york\/index-y-el-consulado-dominicano-en-nueva-york-realizan-foro-con-lideres-dominicanos-en-estados-unidos\/","og_site_name":"Consulado General de la Rep\u00fablica Dominicana en New York, EE. UU.","article_published_time":"2026-04-20T18:00:01+00:00","og_image":[{"width":906,"height":613,"url":"https:\/\/usa.mirex.gob.do\/consular\/new-york\/wp-content\/uploads\/2026\/04\/Foto-Index.jpeg","type":"image\/jpeg"}],"author":"Santiago Oviedo","twitter_card":"summary_large_image","twitter_misc":{"Written by":"Santiago Oviedo","Est. reading time":"1 minute"},"schema":{"@context":"https:\/\/schema.org","@graph":[{"@type":"Article","@id":"https:\/\/usa.mirex.gob.do\/consular\/new-york\/index-y-el-consulado-dominicano-en-nueva-york-realizan-foro-con-lideres-dominicanos-en-estados-unidos\/#article","isPartOf":{"@id":"https:\/\/usa.mirex.gob.do\/consular\/new-york\/index-y-el-consulado-dominicano-en-nueva-york-realizan-foro-con-lideres-dominicanos-en-estados-unidos\/"},"author":{"name":"Santiago Oviedo","@id":"https:\/\/usa.mirex.gob.do\/consular\/new-york\/#\/schema\/person\/6172d615124f993ce43bd47992cfb6e0"},"headline":"INDEX y el Consulado Dominicano en Nueva York realizan Foro con L\u00edderes Dominicanos en Estados Unidos","datePublished":"2026-04-20T18:00:01+00:00","mainEntityOfPage":{"@id":"https:\/\/usa.mirex.gob.do\/consular\/new-york\/index-y-el-consulado-dominicano-en-nueva-york-realizan-foro-con-lideres-dominicanos-en-estados-unidos\/"},"wordCount":183,"publisher":{"@id":"https:\/\/usa.mirex.gob.do\/consular\/new-york\/#organization"},"image":{"@id":"https:\/\/usa.mirex.gob.do\/consular\/new-york\/index-y-el-consulado-dominicano-en-nueva-york-realizan-foro-con-lideres-dominicanos-en-estados-unidos\/#primaryimage"},"thumbnailUrl":"https:\/\/usa.mirex.gob.do\/consular\/new-york\/wp-content\/uploads\/2026\/04\/Foto-Index.jpeg","articleSection":["Sin categorizar"],"inLanguage":"en-US"},{"@type":"WebPage","@id":"https:\/\/usa.mirex.gob.do\/consular\/new-york\/index-y-el-consulado-dominicano-en-nueva-york-realizan-foro-con-lideres-dominicanos-en-estados-unidos\/","url":"https:\/\/usa.mirex.gob.do\/consular\/new-york\/index-y-el-consulado-dominicano-en-nueva-york-realizan-foro-con-lideres-dominicanos-en-estados-unidos\/","name":"INDEX y el Consulado Dominicano en Nueva York realizan Foro con L\u00edderes Dominicanos en Estados Unidos - Consulado General de la Rep\u00fablica Dominicana en New York, EE. UU.","isPartOf":{"@id":"https:\/\/usa.mirex.gob.do\/consular\/new-york\/#website"},"primaryImageOfPage":{"@id":"https:\/\/usa.mirex.gob.do\/consular\/new-york\/index-y-el-consulado-dominicano-en-nueva-york-realizan-foro-con-lideres-dominicanos-en-estados-unidos\/#primaryimage"},"image":{"@id":"https:\/\/usa.mirex.gob.do\/consular\/new-york\/index-y-el-consulado-dominicano-en-nueva-york-realizan-foro-con-lideres-dominicanos-en-estados-unidos\/#primaryimage"},"thumbnailUrl":"https:\/\/usa.mirex.gob.do\/consular\/new-york\/wp-content\/uploads\/2026\/04\/Foto-Index.jpeg","datePublished":"2026-04-20T18:00:01+00:00","breadcrumb":{"@id":"https:\/\/usa.mirex.gob.do\/consular\/new-york\/index-y-el-consulado-dominicano-en-nueva-york-realizan-foro-con-lideres-dominicanos-en-estados-unidos\/#breadcrumb"},"inLanguage":"en-US","potentialAction":[{"@type":"ReadAction","target":["https:\/\/usa.mirex.gob.do\/consular\/new-york\/index-y-el-consulado-dominicano-en-nueva-york-realizan-foro-con-lideres-dominicanos-en-estados-unidos\/"]}]},{"@type":"ImageObject","inLanguage":"en-US","@id":"https:\/\/usa.mirex.gob.do\/consular\/new-york\/index-y-el-consulado-dominicano-en-nueva-york-realizan-foro-con-lideres-dominicanos-en-estados-unidos\/#primaryimage","url":"https:\/\/usa.mirex.gob.do\/consular\/new-york\/wp-content\/uploads\/2026\/04\/Foto-Index.jpeg","contentUrl":"https:\/\/usa.mirex.gob.do\/consular\/new-york\/wp-content\/uploads\/2026\/04\/Foto-Index.jpeg","width":906,"height":613},{"@type":"BreadcrumbList","@id":"https:\/\/usa.mirex.gob.do\/consular\/new-york\/index-y-el-consulado-dominicano-en-nueva-york-realizan-foro-con-lideres-dominicanos-en-estados-unidos\/#breadcrumb","itemListElement":[{"@type":"ListItem","position":1,"name":"Inicio","item":"https:\/\/usa.mirex.gob.do\/consular\/new-york\/"},{"@type":"ListItem","position":2,"name":"INDEX y el Consulado Dominicano en Nueva York realizan Foro con L\u00edderes Dominicanos en Estados Unidos"}]},{"@type":"WebSite","@id":"https:\/\/usa.mirex.gob.do\/consular\/new-york\/#website","url":"https:\/\/usa.mirex.gob.do\/consular\/new-york\/","name":"Consulado General de la Rep\u00fablica Dominicana en New York, EE. UU.","description":"","publisher":{"@id":"https:\/\/usa.mirex.gob.do\/consular\/new-york\/#organization"},"potentialAction":[{"@type":"SearchAction","target":{"@type":"EntryPoint","urlTemplate":"https:\/\/usa.mirex.gob.do\/consular\/new-york\/?s={search_term_string}"},"query-input":{"@type":"PropertyValueSpecification","valueRequired":true,"valueName":"search_term_string"}}],"inLanguage":"en-US"},{"@type":"Organization","@id":"https:\/\/usa.mirex.gob.do\/consular\/new-york\/#organization","name":"Consulado General de la Rep\u00fablica Dominicana en New York, EE. UU.","url":"https:\/\/usa.mirex.gob.do\/consular\/new-york\/","logo":{"@type":"ImageObject","inLanguage":"en-US","@id":"https:\/\/usa.mirex.gob.do\/consular\/new-york\/#\/schema\/logo\/image\/","url":"https:\/\/usa.mirex.gob.do\/consular\/new-york\/wp-content\/uploads\/2021\/09\/CONSULADO-NEW-YORK-USA-RD-04.png","contentUrl":"https:\/\/usa.mirex.gob.do\/consular\/new-york\/wp-content\/uploads\/2021\/09\/CONSULADO-NEW-YORK-USA-RD-04.png","width":4163,"height":1788,"caption":"Consulado General de la Rep\u00fablica Dominicana en New York, EE. UU."},"image":{"@id":"https:\/\/usa.mirex.gob.do\/consular\/new-york\/#\/schema\/logo\/image\/"}},{"@type":"Person","@id":"https:\/\/usa.mirex.gob.do\/consular\/new-york\/#\/schema\/person\/6172d615124f993ce43bd47992cfb6e0","name":"Santiago Oviedo","image":{"@type":"ImageObject","inLanguage":"en-US","@id":"https:\/\/secure.gravatar.com\/avatar\/21b7f9e43e66e22427aec88c30c9334e922b3ad83d40ed4b7568e36d892134c4?s=96&d=mm&r=g","url":"https:\/\/secure.gravatar.com\/avatar\/21b7f9e43e66e22427aec88c30c9334e922b3ad83d40ed4b7568e36d892134c4?s=96&d=mm&r=g","contentUrl":"https:\/\/secure.gravatar.com\/avatar\/21b7f9e43e66e22427aec88c30c9334e922b3ad83d40ed4b7568e36d892134c4?s=96&d=mm&r=g","caption":"Santiago Oviedo"}}]}},"_links":{"self":[{"href":"https:\/\/usa.mirex.gob.do\/consular\/new-york\/wp-json\/wp\/v2\/posts\/6301","targetHints":{"allow":["GET"]}}],"collection":[{"href":"https:\/\/usa.mirex.gob.do\/consular\/new-york\/wp-json\/wp\/v2\/posts"}],"about":[{"href":"https:\/\/usa.mirex.gob.do\/consular\/new-york\/wp-json\/wp\/v2\/types\/post"}],"author":[{"embeddable":true,"href":"https:\/\/usa.mirex.gob.do\/consular\/new-york\/wp-json\/wp\/v2\/users\/9"}],"replies":[{"embeddable":true,"href":"https:\/\/usa.mirex.gob.do\/consular\/new-york\/wp-json\/wp\/v2\/comments?post=6301"}],"version-history":[{"count":1,"href":"https:\/\/usa.mirex.gob.do\/consular\/new-york\/wp-json\/wp\/v2\/posts\/6301\/revisions"}],"predecessor-version":[{"id":6303,"href":"https:\/\/usa.mirex.gob.do\/consular\/new-york\/wp-json\/wp\/v2\/posts\/6301\/revisions\/6303"}],"wp:featuredmedia":[{"embeddable":true,"href":"https:\/\/usa.mirex.gob.do\/consular\/new-york\/wp-json\/wp\/v2\/media\/6302"}],"wp:attachment":[{"href":"https:\/\/usa.mirex.gob.do\/consular\/new-york\/wp-json\/wp\/v2\/media?parent=6301"}],"wp:term":[{"taxonomy":"category","embeddable":true,"href":"https:\/\/usa.mirex.gob.do\/consular\/new-york\/wp-json\/wp\/v2\/categories?post=6301"},{"taxonomy":"post_tag","embeddable":true,"href":"https:\/\/usa.mirex.gob.do\/consular\/new-york\/wp-json\/wp\/v2\/tags?post=6301"}],"curies":[{"name":"wp","href":"https:\/\/api.w.org\/{rel}","templated":true}]}}