{"id":6311,"date":"2026-04-20T18:06:54","date_gmt":"2026-04-20T18:06:54","guid":{"rendered":"https:\/\/usa.mirex.gob.do\/consular\/new-york\/?p=6311"},"modified":"2026-04-20T18:06:54","modified_gmt":"2026-04-20T18:06:54","slug":"consul-juramenta-a-nuevos-ciudadanos-dominicanos-en-el-exterior","status":"publish","type":"post","link":"https:\/\/usa.mirex.gob.do\/consular\/new-york\/consul-juramenta-a-nuevos-ciudadanos-dominicanos-en-el-exterior\/","title":{"rendered":"C\u00f3nsul juramenta a nuevos ciudadanos dominicanos en el exterior"},"content":{"rendered":"<p>Nuestro honorable c\u00f3nsul encabez\u00f3 la juramentaci\u00f3n de un grupo de nuevos ciudadanos dominicanos, en el marco de una actividad realizada en conjunto con el Frente de Educadores Dominicanos en el Exterior. El acto simboliz\u00f3 un paso significativo en la integraci\u00f3n formal de estos ciudadanos a la naci\u00f3n, destacando el valor de su compromiso con la Rep\u00fablica Dominicana.<\/p>\n<p>Durante la ceremonia, se reafirm\u00f3 el compromiso institucional de fortalecer los lazos de identidad, pertenencia y orgullo patrio entre los dominicanos en el exterior. Asimismo, se resalt\u00f3 la importancia de mantener viva la conexi\u00f3n con los valores y tradiciones nacionales, consolidando as\u00ed una comunidad m\u00e1s unida y representativa fuera del pa\u00eds.<\/p>\n","protected":false},"excerpt":{"rendered":"<p>Nuestro honorable c\u00f3nsul encabez\u00f3 la juramentaci\u00f3n de un grupo de nuevos ciudadanos dominicanos, en el marco de una actividad realizada en conjunto con el Frente de Educadores Dominicanos en el Exterior. El acto simboliz\u00f3 un paso significativo en la integraci\u00f3n formal de estos ciudadanos a la naci\u00f3n, destacando el valor de su compromiso con la [&hellip;]<\/p>\n","protected":false},"author":9,"featured_media":6312,"comment_status":"closed","ping_status":"open","sticky":false,"template":"","format":"standard","meta":{"site-sidebar-layout":"default","site-content-layout":"","ast-site-content-layout":"default","site-content-style":"default","site-sidebar-style":"default","ast-global-header-display":"","ast-banner-title-visibility":"","ast-main-header-display":"","ast-hfb-above-header-display":"","ast-hfb-below-header-display":"","ast-hfb-mobile-header-display":"","site-post-title":"","ast-breadcrumbs-content":"","ast-featured-img":"","footer-sml-layout":"","ast-disable-related-posts":"","theme-transparent-header-meta":"default","adv-header-id-meta":"","stick-header-meta":"","header-above-stick-meta":"","header-main-stick-meta":"","header-below-stick-meta":"","astra-migrate-meta-layouts":"set","ast-page-background-enabled":"default","ast-page-background-meta":{"desktop":{"background-color":"","background-image":"","background-repeat":"repeat","background-position":"center center","background-size":"auto","background-attachment":"scroll","background-type":"","background-media":"","overlay-type":"","overlay-color":"","overlay-opacity":"","overlay-gradient":""},"tablet":{"background-color":"","background-image":"","background-repeat":"repeat","background-position":"center center","background-size":"auto","background-attachment":"scroll","background-type":"","background-media":"","overlay-type":"","overlay-color":"","overlay-opacity":"","overlay-gradient":""},"mobile":{"background-color":"","background-image":"","background-repeat":"repeat","background-position":"center center","background-size":"auto","background-attachment":"scroll","background-type":"","background-media":"","overlay-type":"","overlay-color":"","overlay-opacity":"","overlay-gradient":""}},"ast-content-background-meta":{"desktop":{"background-color":"var(--ast-global-color-5)","background-image":"","background-repeat":"repeat","background-position":"center center","background-size":"auto","background-attachment":"scroll","background-type":"","background-media":"","overlay-type":"","overlay-color":"","overlay-opacity":"","overlay-gradient":""},"tablet":{"background-color":"var(--ast-global-color-5)","background-image":"","background-repeat":"repeat","background-position":"center center","background-size":"auto","background-attachment":"scroll","background-type":"","background-media":"","overlay-type":"","overlay-color":"","overlay-opacity":"","overlay-gradient":""},"mobile":{"background-color":"var(--ast-global-color-5)","background-image":"","background-repeat":"repeat","background-position":"center center","background-size":"auto","background-attachment":"scroll","background-type":"","background-media":"","overlay-type":"","overlay-color":"","overlay-opacity":"","overlay-gradient":""}},"footnotes":""},"categories":[1],"tags":[],"class_list":["post-6311","post","type-post","status-publish","format-standard","has-post-thumbnail","hentry","category-sin-categorizar"],"yoast_head":"<!-- This site is optimized with the Yoast SEO plugin v27.4 - https:\/\/yoast.com\/product\/yoast-seo-wordpress\/ -->\n<title>C\u00f3nsul juramenta a nuevos ciudadanos dominicanos en el exterior - Consulado General de la Rep\u00fablica Dominicana en New York, EE. UU.<\/title>\n<meta name=\"robots\" content=\"index, follow, max-snippet:-1, max-image-preview:large, max-video-preview:-1\" \/>\n<link rel=\"canonical\" href=\"https:\/\/usa.mirex.gob.do\/consular\/new-york\/consul-juramenta-a-nuevos-ciudadanos-dominicanos-en-el-exterior\/\" \/>\n<meta property=\"og:locale\" content=\"en_US\" \/>\n<meta property=\"og:type\" content=\"article\" \/>\n<meta property=\"og:title\" content=\"C\u00f3nsul juramenta a nuevos ciudadanos dominicanos en el exterior - Consulado General de la Rep\u00fablica Dominicana en New York, EE. UU.\" \/>\n<meta property=\"og:description\" content=\"Nuestro honorable c\u00f3nsul encabez\u00f3 la juramentaci\u00f3n de un grupo de nuevos ciudadanos dominicanos, en el marco de una actividad realizada en conjunto con el Frente de Educadores Dominicanos en el Exterior. El acto simboliz\u00f3 un paso significativo en la integraci\u00f3n formal de estos ciudadanos a la naci\u00f3n, destacando el valor de su compromiso con la [&hellip;]\" \/>\n<meta property=\"og:url\" content=\"https:\/\/usa.mirex.gob.do\/consular\/new-york\/consul-juramenta-a-nuevos-ciudadanos-dominicanos-en-el-exterior\/\" \/>\n<meta property=\"og:site_name\" content=\"Consulado General de la Rep\u00fablica Dominicana en New York, EE. UU.\" \/>\n<meta property=\"article:published_time\" content=\"2026-04-20T18:06:54+00:00\" \/>\n<meta property=\"og:image\" content=\"https:\/\/usa.mirex.gob.do\/consular\/new-york\/wp-content\/uploads\/2026\/04\/WhatsApp-Image-2026-04-20-at-12.19.15-PM-scaled.jpeg\" \/>\n\t<meta property=\"og:image:width\" content=\"2560\" \/>\n\t<meta property=\"og:image:height\" content=\"1707\" \/>\n\t<meta property=\"og:image:type\" content=\"image\/jpeg\" \/>\n<meta name=\"author\" content=\"Santiago Oviedo\" \/>\n<meta name=\"twitter:card\" content=\"summary_large_image\" \/>\n<meta name=\"twitter:label1\" content=\"Written by\" \/>\n\t<meta name=\"twitter:data1\" content=\"Santiago Oviedo\" \/>\n\t<meta name=\"twitter:label2\" content=\"Est. reading time\" \/>\n\t<meta name=\"twitter:data2\" content=\"1 minute\" \/>\n<script type=\"application\/ld+json\" class=\"yoast-schema-graph\">{\"@context\":\"https:\\\/\\\/schema.org\",\"@graph\":[{\"@type\":\"Article\",\"@id\":\"https:\\\/\\\/usa.mirex.gob.do\\\/consular\\\/new-york\\\/consul-juramenta-a-nuevos-ciudadanos-dominicanos-en-el-exterior\\\/#article\",\"isPartOf\":{\"@id\":\"https:\\\/\\\/usa.mirex.gob.do\\\/consular\\\/new-york\\\/consul-juramenta-a-nuevos-ciudadanos-dominicanos-en-el-exterior\\\/\"},\"author\":{\"name\":\"Santiago Oviedo\",\"@id\":\"https:\\\/\\\/usa.mirex.gob.do\\\/consular\\\/new-york\\\/#\\\/schema\\\/person\\\/6172d615124f993ce43bd47992cfb6e0\"},\"headline\":\"C\u00f3nsul juramenta a nuevos ciudadanos dominicanos en el exterior\",\"datePublished\":\"2026-04-20T18:06:54+00:00\",\"mainEntityOfPage\":{\"@id\":\"https:\\\/\\\/usa.mirex.gob.do\\\/consular\\\/new-york\\\/consul-juramenta-a-nuevos-ciudadanos-dominicanos-en-el-exterior\\\/\"},\"wordCount\":126,\"publisher\":{\"@id\":\"https:\\\/\\\/usa.mirex.gob.do\\\/consular\\\/new-york\\\/#organization\"},\"image\":{\"@id\":\"https:\\\/\\\/usa.mirex.gob.do\\\/consular\\\/new-york\\\/consul-juramenta-a-nuevos-ciudadanos-dominicanos-en-el-exterior\\\/#primaryimage\"},\"thumbnailUrl\":\"https:\\\/\\\/usa.mirex.gob.do\\\/consular\\\/new-york\\\/wp-content\\\/uploads\\\/2026\\\/04\\\/WhatsApp-Image-2026-04-20-at-12.19.15-PM-scaled.jpeg\",\"articleSection\":[\"Sin categorizar\"],\"inLanguage\":\"en-US\"},{\"@type\":\"WebPage\",\"@id\":\"https:\\\/\\\/usa.mirex.gob.do\\\/consular\\\/new-york\\\/consul-juramenta-a-nuevos-ciudadanos-dominicanos-en-el-exterior\\\/\",\"url\":\"https:\\\/\\\/usa.mirex.gob.do\\\/consular\\\/new-york\\\/consul-juramenta-a-nuevos-ciudadanos-dominicanos-en-el-exterior\\\/\",\"name\":\"C\u00f3nsul juramenta a nuevos ciudadanos dominicanos en el exterior - Consulado General de la Rep\u00fablica Dominicana en New York, EE. UU.\",\"isPartOf\":{\"@id\":\"https:\\\/\\\/usa.mirex.gob.do\\\/consular\\\/new-york\\\/#website\"},\"primaryImageOfPage\":{\"@id\":\"https:\\\/\\\/usa.mirex.gob.do\\\/consular\\\/new-york\\\/consul-juramenta-a-nuevos-ciudadanos-dominicanos-en-el-exterior\\\/#primaryimage\"},\"image\":{\"@id\":\"https:\\\/\\\/usa.mirex.gob.do\\\/consular\\\/new-york\\\/consul-juramenta-a-nuevos-ciudadanos-dominicanos-en-el-exterior\\\/#primaryimage\"},\"thumbnailUrl\":\"https:\\\/\\\/usa.mirex.gob.do\\\/consular\\\/new-york\\\/wp-content\\\/uploads\\\/2026\\\/04\\\/WhatsApp-Image-2026-04-20-at-12.19.15-PM-scaled.jpeg\",\"datePublished\":\"2026-04-20T18:06:54+00:00\",\"breadcrumb\":{\"@id\":\"https:\\\/\\\/usa.mirex.gob.do\\\/consular\\\/new-york\\\/consul-juramenta-a-nuevos-ciudadanos-dominicanos-en-el-exterior\\\/#breadcrumb\"},\"inLanguage\":\"en-US\",\"potentialAction\":[{\"@type\":\"ReadAction\",\"target\":[\"https:\\\/\\\/usa.mirex.gob.do\\\/consular\\\/new-york\\\/consul-juramenta-a-nuevos-ciudadanos-dominicanos-en-el-exterior\\\/\"]}]},{\"@type\":\"ImageObject\",\"inLanguage\":\"en-US\",\"@id\":\"https:\\\/\\\/usa.mirex.gob.do\\\/consular\\\/new-york\\\/consul-juramenta-a-nuevos-ciudadanos-dominicanos-en-el-exterior\\\/#primaryimage\",\"url\":\"https:\\\/\\\/usa.mirex.gob.do\\\/consular\\\/new-york\\\/wp-content\\\/uploads\\\/2026\\\/04\\\/WhatsApp-Image-2026-04-20-at-12.19.15-PM-scaled.jpeg\",\"contentUrl\":\"https:\\\/\\\/usa.mirex.gob.do\\\/consular\\\/new-york\\\/wp-content\\\/uploads\\\/2026\\\/04\\\/WhatsApp-Image-2026-04-20-at-12.19.15-PM-scaled.jpeg\",\"width\":2560,\"height\":1707},{\"@type\":\"BreadcrumbList\",\"@id\":\"https:\\\/\\\/usa.mirex.gob.do\\\/consular\\\/new-york\\\/consul-juramenta-a-nuevos-ciudadanos-dominicanos-en-el-exterior\\\/#breadcrumb\",\"itemListElement\":[{\"@type\":\"ListItem\",\"position\":1,\"name\":\"Inicio\",\"item\":\"https:\\\/\\\/usa.mirex.gob.do\\\/consular\\\/new-york\\\/\"},{\"@type\":\"ListItem\",\"position\":2,\"name\":\"C\u00f3nsul juramenta a nuevos ciudadanos dominicanos en el exterior\"}]},{\"@type\":\"WebSite\",\"@id\":\"https:\\\/\\\/usa.mirex.gob.do\\\/consular\\\/new-york\\\/#website\",\"url\":\"https:\\\/\\\/usa.mirex.gob.do\\\/consular\\\/new-york\\\/\",\"name\":\"Consulado General de la Rep\u00fablica Dominicana en New York, EE. UU.\",\"description\":\"\",\"publisher\":{\"@id\":\"https:\\\/\\\/usa.mirex.gob.do\\\/consular\\\/new-york\\\/#organization\"},\"potentialAction\":[{\"@type\":\"SearchAction\",\"target\":{\"@type\":\"EntryPoint\",\"urlTemplate\":\"https:\\\/\\\/usa.mirex.gob.do\\\/consular\\\/new-york\\\/?s={search_term_string}\"},\"query-input\":{\"@type\":\"PropertyValueSpecification\",\"valueRequired\":true,\"valueName\":\"search_term_string\"}}],\"inLanguage\":\"en-US\"},{\"@type\":\"Organization\",\"@id\":\"https:\\\/\\\/usa.mirex.gob.do\\\/consular\\\/new-york\\\/#organization\",\"name\":\"Consulado General de la Rep\u00fablica Dominicana en New York, EE. UU.\",\"url\":\"https:\\\/\\\/usa.mirex.gob.do\\\/consular\\\/new-york\\\/\",\"logo\":{\"@type\":\"ImageObject\",\"inLanguage\":\"en-US\",\"@id\":\"https:\\\/\\\/usa.mirex.gob.do\\\/consular\\\/new-york\\\/#\\\/schema\\\/logo\\\/image\\\/\",\"url\":\"https:\\\/\\\/usa.mirex.gob.do\\\/consular\\\/new-york\\\/wp-content\\\/uploads\\\/2021\\\/09\\\/CONSULADO-NEW-YORK-USA-RD-04.png\",\"contentUrl\":\"https:\\\/\\\/usa.mirex.gob.do\\\/consular\\\/new-york\\\/wp-content\\\/uploads\\\/2021\\\/09\\\/CONSULADO-NEW-YORK-USA-RD-04.png\",\"width\":4163,\"height\":1788,\"caption\":\"Consulado General de la Rep\u00fablica Dominicana en New York, EE. UU.\"},\"image\":{\"@id\":\"https:\\\/\\\/usa.mirex.gob.do\\\/consular\\\/new-york\\\/#\\\/schema\\\/logo\\\/image\\\/\"}},{\"@type\":\"Person\",\"@id\":\"https:\\\/\\\/usa.mirex.gob.do\\\/consular\\\/new-york\\\/#\\\/schema\\\/person\\\/6172d615124f993ce43bd47992cfb6e0\",\"name\":\"Santiago Oviedo\",\"image\":{\"@type\":\"ImageObject\",\"inLanguage\":\"en-US\",\"@id\":\"https:\\\/\\\/secure.gravatar.com\\\/avatar\\\/21b7f9e43e66e22427aec88c30c9334e922b3ad83d40ed4b7568e36d892134c4?s=96&d=mm&r=g\",\"url\":\"https:\\\/\\\/secure.gravatar.com\\\/avatar\\\/21b7f9e43e66e22427aec88c30c9334e922b3ad83d40ed4b7568e36d892134c4?s=96&d=mm&r=g\",\"contentUrl\":\"https:\\\/\\\/secure.gravatar.com\\\/avatar\\\/21b7f9e43e66e22427aec88c30c9334e922b3ad83d40ed4b7568e36d892134c4?s=96&d=mm&r=g\",\"caption\":\"Santiago Oviedo\"}}]}<\/script>\n<!-- \/ Yoast SEO plugin. -->","yoast_head_json":{"title":"C\u00f3nsul juramenta a nuevos ciudadanos dominicanos en el exterior - Consulado General de la Rep\u00fablica Dominicana en New York, EE. UU.","robots":{"index":"index","follow":"follow","max-snippet":"max-snippet:-1","max-image-preview":"max-image-preview:large","max-video-preview":"max-video-preview:-1"},"canonical":"https:\/\/usa.mirex.gob.do\/consular\/new-york\/consul-juramenta-a-nuevos-ciudadanos-dominicanos-en-el-exterior\/","og_locale":"en_US","og_type":"article","og_title":"C\u00f3nsul juramenta a nuevos ciudadanos dominicanos en el exterior - Consulado General de la Rep\u00fablica Dominicana en New York, EE. UU.","og_description":"Nuestro honorable c\u00f3nsul encabez\u00f3 la juramentaci\u00f3n de un grupo de nuevos ciudadanos dominicanos, en el marco de una actividad realizada en conjunto con el Frente de Educadores Dominicanos en el Exterior. El acto simboliz\u00f3 un paso significativo en la integraci\u00f3n formal de estos ciudadanos a la naci\u00f3n, destacando el valor de su compromiso con la [&hellip;]","og_url":"https:\/\/usa.mirex.gob.do\/consular\/new-york\/consul-juramenta-a-nuevos-ciudadanos-dominicanos-en-el-exterior\/","og_site_name":"Consulado General de la Rep\u00fablica Dominicana en New York, EE. UU.","article_published_time":"2026-04-20T18:06:54+00:00","og_image":[{"width":2560,"height":1707,"url":"https:\/\/usa.mirex.gob.do\/consular\/new-york\/wp-content\/uploads\/2026\/04\/WhatsApp-Image-2026-04-20-at-12.19.15-PM-scaled.jpeg","type":"image\/jpeg"}],"author":"Santiago Oviedo","twitter_card":"summary_large_image","twitter_misc":{"Written by":"Santiago Oviedo","Est. reading time":"1 minute"},"schema":{"@context":"https:\/\/schema.org","@graph":[{"@type":"Article","@id":"https:\/\/usa.mirex.gob.do\/consular\/new-york\/consul-juramenta-a-nuevos-ciudadanos-dominicanos-en-el-exterior\/#article","isPartOf":{"@id":"https:\/\/usa.mirex.gob.do\/consular\/new-york\/consul-juramenta-a-nuevos-ciudadanos-dominicanos-en-el-exterior\/"},"author":{"name":"Santiago Oviedo","@id":"https:\/\/usa.mirex.gob.do\/consular\/new-york\/#\/schema\/person\/6172d615124f993ce43bd47992cfb6e0"},"headline":"C\u00f3nsul juramenta a nuevos ciudadanos dominicanos en el exterior","datePublished":"2026-04-20T18:06:54+00:00","mainEntityOfPage":{"@id":"https:\/\/usa.mirex.gob.do\/consular\/new-york\/consul-juramenta-a-nuevos-ciudadanos-dominicanos-en-el-exterior\/"},"wordCount":126,"publisher":{"@id":"https:\/\/usa.mirex.gob.do\/consular\/new-york\/#organization"},"image":{"@id":"https:\/\/usa.mirex.gob.do\/consular\/new-york\/consul-juramenta-a-nuevos-ciudadanos-dominicanos-en-el-exterior\/#primaryimage"},"thumbnailUrl":"https:\/\/usa.mirex.gob.do\/consular\/new-york\/wp-content\/uploads\/2026\/04\/WhatsApp-Image-2026-04-20-at-12.19.15-PM-scaled.jpeg","articleSection":["Sin categorizar"],"inLanguage":"en-US"},{"@type":"WebPage","@id":"https:\/\/usa.mirex.gob.do\/consular\/new-york\/consul-juramenta-a-nuevos-ciudadanos-dominicanos-en-el-exterior\/","url":"https:\/\/usa.mirex.gob.do\/consular\/new-york\/consul-juramenta-a-nuevos-ciudadanos-dominicanos-en-el-exterior\/","name":"C\u00f3nsul juramenta a nuevos ciudadanos dominicanos en el exterior - Consulado General de la Rep\u00fablica Dominicana en New York, EE. UU.","isPartOf":{"@id":"https:\/\/usa.mirex.gob.do\/consular\/new-york\/#website"},"primaryImageOfPage":{"@id":"https:\/\/usa.mirex.gob.do\/consular\/new-york\/consul-juramenta-a-nuevos-ciudadanos-dominicanos-en-el-exterior\/#primaryimage"},"image":{"@id":"https:\/\/usa.mirex.gob.do\/consular\/new-york\/consul-juramenta-a-nuevos-ciudadanos-dominicanos-en-el-exterior\/#primaryimage"},"thumbnailUrl":"https:\/\/usa.mirex.gob.do\/consular\/new-york\/wp-content\/uploads\/2026\/04\/WhatsApp-Image-2026-04-20-at-12.19.15-PM-scaled.jpeg","datePublished":"2026-04-20T18:06:54+00:00","breadcrumb":{"@id":"https:\/\/usa.mirex.gob.do\/consular\/new-york\/consul-juramenta-a-nuevos-ciudadanos-dominicanos-en-el-exterior\/#breadcrumb"},"inLanguage":"en-US","potentialAction":[{"@type":"ReadAction","target":["https:\/\/usa.mirex.gob.do\/consular\/new-york\/consul-juramenta-a-nuevos-ciudadanos-dominicanos-en-el-exterior\/"]}]},{"@type":"ImageObject","inLanguage":"en-US","@id":"https:\/\/usa.mirex.gob.do\/consular\/new-york\/consul-juramenta-a-nuevos-ciudadanos-dominicanos-en-el-exterior\/#primaryimage","url":"https:\/\/usa.mirex.gob.do\/consular\/new-york\/wp-content\/uploads\/2026\/04\/WhatsApp-Image-2026-04-20-at-12.19.15-PM-scaled.jpeg","contentUrl":"https:\/\/usa.mirex.gob.do\/consular\/new-york\/wp-content\/uploads\/2026\/04\/WhatsApp-Image-2026-04-20-at-12.19.15-PM-scaled.jpeg","width":2560,"height":1707},{"@type":"BreadcrumbList","@id":"https:\/\/usa.mirex.gob.do\/consular\/new-york\/consul-juramenta-a-nuevos-ciudadanos-dominicanos-en-el-exterior\/#breadcrumb","itemListElement":[{"@type":"ListItem","position":1,"name":"Inicio","item":"https:\/\/usa.mirex.gob.do\/consular\/new-york\/"},{"@type":"ListItem","position":2,"name":"C\u00f3nsul juramenta a nuevos ciudadanos dominicanos en el exterior"}]},{"@type":"WebSite","@id":"https:\/\/usa.mirex.gob.do\/consular\/new-york\/#website","url":"https:\/\/usa.mirex.gob.do\/consular\/new-york\/","name":"Consulado General de la Rep\u00fablica Dominicana en New York, EE. UU.","description":"","publisher":{"@id":"https:\/\/usa.mirex.gob.do\/consular\/new-york\/#organization"},"potentialAction":[{"@type":"SearchAction","target":{"@type":"EntryPoint","urlTemplate":"https:\/\/usa.mirex.gob.do\/consular\/new-york\/?s={search_term_string}"},"query-input":{"@type":"PropertyValueSpecification","valueRequired":true,"valueName":"search_term_string"}}],"inLanguage":"en-US"},{"@type":"Organization","@id":"https:\/\/usa.mirex.gob.do\/consular\/new-york\/#organization","name":"Consulado General de la Rep\u00fablica Dominicana en New York, EE. UU.","url":"https:\/\/usa.mirex.gob.do\/consular\/new-york\/","logo":{"@type":"ImageObject","inLanguage":"en-US","@id":"https:\/\/usa.mirex.gob.do\/consular\/new-york\/#\/schema\/logo\/image\/","url":"https:\/\/usa.mirex.gob.do\/consular\/new-york\/wp-content\/uploads\/2021\/09\/CONSULADO-NEW-YORK-USA-RD-04.png","contentUrl":"https:\/\/usa.mirex.gob.do\/consular\/new-york\/wp-content\/uploads\/2021\/09\/CONSULADO-NEW-YORK-USA-RD-04.png","width":4163,"height":1788,"caption":"Consulado General de la Rep\u00fablica Dominicana en New York, EE. UU."},"image":{"@id":"https:\/\/usa.mirex.gob.do\/consular\/new-york\/#\/schema\/logo\/image\/"}},{"@type":"Person","@id":"https:\/\/usa.mirex.gob.do\/consular\/new-york\/#\/schema\/person\/6172d615124f993ce43bd47992cfb6e0","name":"Santiago Oviedo","image":{"@type":"ImageObject","inLanguage":"en-US","@id":"https:\/\/secure.gravatar.com\/avatar\/21b7f9e43e66e22427aec88c30c9334e922b3ad83d40ed4b7568e36d892134c4?s=96&d=mm&r=g","url":"https:\/\/secure.gravatar.com\/avatar\/21b7f9e43e66e22427aec88c30c9334e922b3ad83d40ed4b7568e36d892134c4?s=96&d=mm&r=g","contentUrl":"https:\/\/secure.gravatar.com\/avatar\/21b7f9e43e66e22427aec88c30c9334e922b3ad83d40ed4b7568e36d892134c4?s=96&d=mm&r=g","caption":"Santiago Oviedo"}}]}},"_links":{"self":[{"href":"https:\/\/usa.mirex.gob.do\/consular\/new-york\/wp-json\/wp\/v2\/posts\/6311","targetHints":{"allow":["GET"]}}],"collection":[{"href":"https:\/\/usa.mirex.gob.do\/consular\/new-york\/wp-json\/wp\/v2\/posts"}],"about":[{"href":"https:\/\/usa.mirex.gob.do\/consular\/new-york\/wp-json\/wp\/v2\/types\/post"}],"author":[{"embeddable":true,"href":"https:\/\/usa.mirex.gob.do\/consular\/new-york\/wp-json\/wp\/v2\/users\/9"}],"replies":[{"embeddable":true,"href":"https:\/\/usa.mirex.gob.do\/consular\/new-york\/wp-json\/wp\/v2\/comments?post=6311"}],"version-history":[{"count":1,"href":"https:\/\/usa.mirex.gob.do\/consular\/new-york\/wp-json\/wp\/v2\/posts\/6311\/revisions"}],"predecessor-version":[{"id":6313,"href":"https:\/\/usa.mirex.gob.do\/consular\/new-york\/wp-json\/wp\/v2\/posts\/6311\/revisions\/6313"}],"wp:featuredmedia":[{"embeddable":true,"href":"https:\/\/usa.mirex.gob.do\/consular\/new-york\/wp-json\/wp\/v2\/media\/6312"}],"wp:attachment":[{"href":"https:\/\/usa.mirex.gob.do\/consular\/new-york\/wp-json\/wp\/v2\/media?parent=6311"}],"wp:term":[{"taxonomy":"category","embeddable":true,"href":"https:\/\/usa.mirex.gob.do\/consular\/new-york\/wp-json\/wp\/v2\/categories?post=6311"},{"taxonomy":"post_tag","embeddable":true,"href":"https:\/\/usa.mirex.gob.do\/consular\/new-york\/wp-json\/wp\/v2\/tags?post=6311"}],"curies":[{"name":"wp","href":"https:\/\/api.w.org\/{rel}","templated":true}]}}