{"id":6323,"date":"2026-04-30T18:45:51","date_gmt":"2026-04-30T18:45:51","guid":{"rendered":"https:\/\/usa.mirex.gob.do\/consular\/new-york\/?p=6323"},"modified":"2026-04-30T18:45:51","modified_gmt":"2026-04-30T18:45:51","slug":"fortalecen-lazos-de-cooperacion-en-favor-de-los-emprendedores-dominicanos-en-nueva-york","status":"publish","type":"post","link":"https:\/\/usa.mirex.gob.do\/consular\/new-york\/fortalecen-lazos-de-cooperacion-en-favor-de-los-emprendedores-dominicanos-en-nueva-york\/","title":{"rendered":"Fortalecen lazos de cooperaci\u00f3n en favor de los emprendedores dominicanos en Nueva York"},"content":{"rendered":"<p>Nuestro honorable c\u00f3nsul recibi\u00f3 en su despacho la visita de cortes\u00eda del comisionado del Departamento de Servicios para Peque\u00f1as Empresas de la Ciudad de Nueva York, Kenny Minaya, quien estuvo acompa\u00f1ado por el director de la Oficina de Vida Nocturna de la Ciudad de Nueva York, Jeff Garc\u00eda.<\/p>\n<p>Durante el encuentro, ambas partes intercambiaron ideas y reiteraron su disposici\u00f3n de colaborar en iniciativas que beneficien a la comunidad dominicana en Nueva York.<\/p>\n<p>Kenny Minaya, hijo de inmigrantes dominicanos, fue designado por el alcalde Zohran Mamdani como comisionado del Servicio para Peque\u00f1as Empresas (SBS), desde donde impulsa acciones orientadas a reducir la burocracia y facilitar la creaci\u00f3n y el crecimiento de los negocios en la ciudad.<\/p>\n","protected":false},"excerpt":{"rendered":"<p>Nuestro honorable c\u00f3nsul recibi\u00f3 en su despacho la visita de cortes\u00eda del comisionado del Departamento de Servicios para Peque\u00f1as Empresas de la Ciudad de Nueva York, Kenny Minaya, quien estuvo acompa\u00f1ado por el director de la Oficina de Vida Nocturna de la Ciudad de Nueva York, Jeff Garc\u00eda. Durante el encuentro, ambas partes intercambiaron ideas [&hellip;]<\/p>\n","protected":false},"author":9,"featured_media":6325,"comment_status":"closed","ping_status":"open","sticky":false,"template":"","format":"standard","meta":{"site-sidebar-layout":"default","site-content-layout":"","ast-site-content-layout":"default","site-content-style":"default","site-sidebar-style":"default","ast-global-header-display":"","ast-banner-title-visibility":"","ast-main-header-display":"","ast-hfb-above-header-display":"","ast-hfb-below-header-display":"","ast-hfb-mobile-header-display":"","site-post-title":"","ast-breadcrumbs-content":"","ast-featured-img":"","footer-sml-layout":"","ast-disable-related-posts":"","theme-transparent-header-meta":"default","adv-header-id-meta":"","stick-header-meta":"","header-above-stick-meta":"","header-main-stick-meta":"","header-below-stick-meta":"","astra-migrate-meta-layouts":"set","ast-page-background-enabled":"default","ast-page-background-meta":{"desktop":{"background-color":"","background-image":"","background-repeat":"repeat","background-position":"center center","background-size":"auto","background-attachment":"scroll","background-type":"","background-media":"","overlay-type":"","overlay-color":"","overlay-opacity":"","overlay-gradient":""},"tablet":{"background-color":"","background-image":"","background-repeat":"repeat","background-position":"center center","background-size":"auto","background-attachment":"scroll","background-type":"","background-media":"","overlay-type":"","overlay-color":"","overlay-opacity":"","overlay-gradient":""},"mobile":{"background-color":"","background-image":"","background-repeat":"repeat","background-position":"center center","background-size":"auto","background-attachment":"scroll","background-type":"","background-media":"","overlay-type":"","overlay-color":"","overlay-opacity":"","overlay-gradient":""}},"ast-content-background-meta":{"desktop":{"background-color":"var(--ast-global-color-5)","background-image":"","background-repeat":"repeat","background-position":"center center","background-size":"auto","background-attachment":"scroll","background-type":"","background-media":"","overlay-type":"","overlay-color":"","overlay-opacity":"","overlay-gradient":""},"tablet":{"background-color":"var(--ast-global-color-5)","background-image":"","background-repeat":"repeat","background-position":"center center","background-size":"auto","background-attachment":"scroll","background-type":"","background-media":"","overlay-type":"","overlay-color":"","overlay-opacity":"","overlay-gradient":""},"mobile":{"background-color":"var(--ast-global-color-5)","background-image":"","background-repeat":"repeat","background-position":"center center","background-size":"auto","background-attachment":"scroll","background-type":"","background-media":"","overlay-type":"","overlay-color":"","overlay-opacity":"","overlay-gradient":""}},"footnotes":""},"categories":[1],"tags":[],"class_list":["post-6323","post","type-post","status-publish","format-standard","has-post-thumbnail","hentry","category-sin-categorizar"],"yoast_head":"<!-- This site is optimized with the Yoast SEO plugin v27.5 - https:\/\/yoast.com\/product\/yoast-seo-wordpress\/ -->\n<title>Fortalecen lazos de cooperaci\u00f3n en favor de los emprendedores dominicanos en Nueva York - Consulado General de la Rep\u00fablica Dominicana en New York, EE. UU.<\/title>\n<meta name=\"robots\" content=\"index, follow, max-snippet:-1, max-image-preview:large, max-video-preview:-1\" \/>\n<link rel=\"canonical\" href=\"https:\/\/usa.mirex.gob.do\/consular\/new-york\/fortalecen-lazos-de-cooperacion-en-favor-de-los-emprendedores-dominicanos-en-nueva-york\/\" \/>\n<meta property=\"og:locale\" content=\"en_US\" \/>\n<meta property=\"og:type\" content=\"article\" \/>\n<meta property=\"og:title\" content=\"Fortalecen lazos de cooperaci\u00f3n en favor de los emprendedores dominicanos en Nueva York - Consulado General de la Rep\u00fablica Dominicana en New York, EE. UU.\" \/>\n<meta property=\"og:description\" content=\"Nuestro honorable c\u00f3nsul recibi\u00f3 en su despacho la visita de cortes\u00eda del comisionado del Departamento de Servicios para Peque\u00f1as Empresas de la Ciudad de Nueva York, Kenny Minaya, quien estuvo acompa\u00f1ado por el director de la Oficina de Vida Nocturna de la Ciudad de Nueva York, Jeff Garc\u00eda. Durante el encuentro, ambas partes intercambiaron ideas [&hellip;]\" \/>\n<meta property=\"og:url\" content=\"https:\/\/usa.mirex.gob.do\/consular\/new-york\/fortalecen-lazos-de-cooperacion-en-favor-de-los-emprendedores-dominicanos-en-nueva-york\/\" \/>\n<meta property=\"og:site_name\" content=\"Consulado General de la Rep\u00fablica Dominicana en New York, EE. UU.\" \/>\n<meta property=\"article:published_time\" content=\"2026-04-30T18:45:51+00:00\" \/>\n<meta property=\"og:image\" content=\"https:\/\/usa.mirex.gob.do\/consular\/new-york\/wp-content\/uploads\/2026\/04\/WhatsApp-Image-2026-04-30-at-2.31.10-PM-1.jpeg\" \/>\n\t<meta property=\"og:image:width\" content=\"1280\" \/>\n\t<meta property=\"og:image:height\" content=\"854\" \/>\n\t<meta property=\"og:image:type\" content=\"image\/jpeg\" \/>\n<meta name=\"author\" content=\"Santiago Oviedo\" \/>\n<meta name=\"twitter:card\" content=\"summary_large_image\" \/>\n<meta name=\"twitter:label1\" content=\"Written by\" \/>\n\t<meta name=\"twitter:data1\" content=\"Santiago Oviedo\" \/>\n\t<meta name=\"twitter:label2\" content=\"Est. reading time\" \/>\n\t<meta name=\"twitter:data2\" content=\"1 minute\" \/>\n<script type=\"application\/ld+json\" class=\"yoast-schema-graph\">{\"@context\":\"https:\\\/\\\/schema.org\",\"@graph\":[{\"@type\":\"Article\",\"@id\":\"https:\\\/\\\/usa.mirex.gob.do\\\/consular\\\/new-york\\\/fortalecen-lazos-de-cooperacion-en-favor-de-los-emprendedores-dominicanos-en-nueva-york\\\/#article\",\"isPartOf\":{\"@id\":\"https:\\\/\\\/usa.mirex.gob.do\\\/consular\\\/new-york\\\/fortalecen-lazos-de-cooperacion-en-favor-de-los-emprendedores-dominicanos-en-nueva-york\\\/\"},\"author\":{\"name\":\"Santiago Oviedo\",\"@id\":\"https:\\\/\\\/usa.mirex.gob.do\\\/consular\\\/new-york\\\/#\\\/schema\\\/person\\\/6172d615124f993ce43bd47992cfb6e0\"},\"headline\":\"Fortalecen lazos de cooperaci\u00f3n en favor de los emprendedores dominicanos en Nueva York\",\"datePublished\":\"2026-04-30T18:45:51+00:00\",\"mainEntityOfPage\":{\"@id\":\"https:\\\/\\\/usa.mirex.gob.do\\\/consular\\\/new-york\\\/fortalecen-lazos-de-cooperacion-en-favor-de-los-emprendedores-dominicanos-en-nueva-york\\\/\"},\"wordCount\":137,\"publisher\":{\"@id\":\"https:\\\/\\\/usa.mirex.gob.do\\\/consular\\\/new-york\\\/#organization\"},\"image\":{\"@id\":\"https:\\\/\\\/usa.mirex.gob.do\\\/consular\\\/new-york\\\/fortalecen-lazos-de-cooperacion-en-favor-de-los-emprendedores-dominicanos-en-nueva-york\\\/#primaryimage\"},\"thumbnailUrl\":\"https:\\\/\\\/usa.mirex.gob.do\\\/consular\\\/new-york\\\/wp-content\\\/uploads\\\/2026\\\/04\\\/WhatsApp-Image-2026-04-30-at-2.31.10-PM-1.jpeg\",\"articleSection\":[\"Sin categorizar\"],\"inLanguage\":\"en-US\"},{\"@type\":\"WebPage\",\"@id\":\"https:\\\/\\\/usa.mirex.gob.do\\\/consular\\\/new-york\\\/fortalecen-lazos-de-cooperacion-en-favor-de-los-emprendedores-dominicanos-en-nueva-york\\\/\",\"url\":\"https:\\\/\\\/usa.mirex.gob.do\\\/consular\\\/new-york\\\/fortalecen-lazos-de-cooperacion-en-favor-de-los-emprendedores-dominicanos-en-nueva-york\\\/\",\"name\":\"Fortalecen lazos de cooperaci\u00f3n en favor de los emprendedores dominicanos en Nueva York - Consulado General de la Rep\u00fablica Dominicana en New York, EE. UU.\",\"isPartOf\":{\"@id\":\"https:\\\/\\\/usa.mirex.gob.do\\\/consular\\\/new-york\\\/#website\"},\"primaryImageOfPage\":{\"@id\":\"https:\\\/\\\/usa.mirex.gob.do\\\/consular\\\/new-york\\\/fortalecen-lazos-de-cooperacion-en-favor-de-los-emprendedores-dominicanos-en-nueva-york\\\/#primaryimage\"},\"image\":{\"@id\":\"https:\\\/\\\/usa.mirex.gob.do\\\/consular\\\/new-york\\\/fortalecen-lazos-de-cooperacion-en-favor-de-los-emprendedores-dominicanos-en-nueva-york\\\/#primaryimage\"},\"thumbnailUrl\":\"https:\\\/\\\/usa.mirex.gob.do\\\/consular\\\/new-york\\\/wp-content\\\/uploads\\\/2026\\\/04\\\/WhatsApp-Image-2026-04-30-at-2.31.10-PM-1.jpeg\",\"datePublished\":\"2026-04-30T18:45:51+00:00\",\"breadcrumb\":{\"@id\":\"https:\\\/\\\/usa.mirex.gob.do\\\/consular\\\/new-york\\\/fortalecen-lazos-de-cooperacion-en-favor-de-los-emprendedores-dominicanos-en-nueva-york\\\/#breadcrumb\"},\"inLanguage\":\"en-US\",\"potentialAction\":[{\"@type\":\"ReadAction\",\"target\":[\"https:\\\/\\\/usa.mirex.gob.do\\\/consular\\\/new-york\\\/fortalecen-lazos-de-cooperacion-en-favor-de-los-emprendedores-dominicanos-en-nueva-york\\\/\"]}]},{\"@type\":\"ImageObject\",\"inLanguage\":\"en-US\",\"@id\":\"https:\\\/\\\/usa.mirex.gob.do\\\/consular\\\/new-york\\\/fortalecen-lazos-de-cooperacion-en-favor-de-los-emprendedores-dominicanos-en-nueva-york\\\/#primaryimage\",\"url\":\"https:\\\/\\\/usa.mirex.gob.do\\\/consular\\\/new-york\\\/wp-content\\\/uploads\\\/2026\\\/04\\\/WhatsApp-Image-2026-04-30-at-2.31.10-PM-1.jpeg\",\"contentUrl\":\"https:\\\/\\\/usa.mirex.gob.do\\\/consular\\\/new-york\\\/wp-content\\\/uploads\\\/2026\\\/04\\\/WhatsApp-Image-2026-04-30-at-2.31.10-PM-1.jpeg\",\"width\":1280,\"height\":854},{\"@type\":\"BreadcrumbList\",\"@id\":\"https:\\\/\\\/usa.mirex.gob.do\\\/consular\\\/new-york\\\/fortalecen-lazos-de-cooperacion-en-favor-de-los-emprendedores-dominicanos-en-nueva-york\\\/#breadcrumb\",\"itemListElement\":[{\"@type\":\"ListItem\",\"position\":1,\"name\":\"Inicio\",\"item\":\"https:\\\/\\\/usa.mirex.gob.do\\\/consular\\\/new-york\\\/\"},{\"@type\":\"ListItem\",\"position\":2,\"name\":\"Fortalecen lazos de cooperaci\u00f3n en favor de los emprendedores dominicanos en Nueva York\"}]},{\"@type\":\"WebSite\",\"@id\":\"https:\\\/\\\/usa.mirex.gob.do\\\/consular\\\/new-york\\\/#website\",\"url\":\"https:\\\/\\\/usa.mirex.gob.do\\\/consular\\\/new-york\\\/\",\"name\":\"Consulado General de la Rep\u00fablica Dominicana en New York, EE. UU.\",\"description\":\"\",\"publisher\":{\"@id\":\"https:\\\/\\\/usa.mirex.gob.do\\\/consular\\\/new-york\\\/#organization\"},\"potentialAction\":[{\"@type\":\"SearchAction\",\"target\":{\"@type\":\"EntryPoint\",\"urlTemplate\":\"https:\\\/\\\/usa.mirex.gob.do\\\/consular\\\/new-york\\\/?s={search_term_string}\"},\"query-input\":{\"@type\":\"PropertyValueSpecification\",\"valueRequired\":true,\"valueName\":\"search_term_string\"}}],\"inLanguage\":\"en-US\"},{\"@type\":\"Organization\",\"@id\":\"https:\\\/\\\/usa.mirex.gob.do\\\/consular\\\/new-york\\\/#organization\",\"name\":\"Consulado General de la Rep\u00fablica Dominicana en New York, EE. UU.\",\"url\":\"https:\\\/\\\/usa.mirex.gob.do\\\/consular\\\/new-york\\\/\",\"logo\":{\"@type\":\"ImageObject\",\"inLanguage\":\"en-US\",\"@id\":\"https:\\\/\\\/usa.mirex.gob.do\\\/consular\\\/new-york\\\/#\\\/schema\\\/logo\\\/image\\\/\",\"url\":\"https:\\\/\\\/usa.mirex.gob.do\\\/consular\\\/new-york\\\/wp-content\\\/uploads\\\/2021\\\/09\\\/CONSULADO-NEW-YORK-USA-RD-04.png\",\"contentUrl\":\"https:\\\/\\\/usa.mirex.gob.do\\\/consular\\\/new-york\\\/wp-content\\\/uploads\\\/2021\\\/09\\\/CONSULADO-NEW-YORK-USA-RD-04.png\",\"width\":4163,\"height\":1788,\"caption\":\"Consulado General de la Rep\u00fablica Dominicana en New York, EE. UU.\"},\"image\":{\"@id\":\"https:\\\/\\\/usa.mirex.gob.do\\\/consular\\\/new-york\\\/#\\\/schema\\\/logo\\\/image\\\/\"}},{\"@type\":\"Person\",\"@id\":\"https:\\\/\\\/usa.mirex.gob.do\\\/consular\\\/new-york\\\/#\\\/schema\\\/person\\\/6172d615124f993ce43bd47992cfb6e0\",\"name\":\"Santiago Oviedo\",\"image\":{\"@type\":\"ImageObject\",\"inLanguage\":\"en-US\",\"@id\":\"https:\\\/\\\/secure.gravatar.com\\\/avatar\\\/21b7f9e43e66e22427aec88c30c9334e922b3ad83d40ed4b7568e36d892134c4?s=96&d=mm&r=g\",\"url\":\"https:\\\/\\\/secure.gravatar.com\\\/avatar\\\/21b7f9e43e66e22427aec88c30c9334e922b3ad83d40ed4b7568e36d892134c4?s=96&d=mm&r=g\",\"contentUrl\":\"https:\\\/\\\/secure.gravatar.com\\\/avatar\\\/21b7f9e43e66e22427aec88c30c9334e922b3ad83d40ed4b7568e36d892134c4?s=96&d=mm&r=g\",\"caption\":\"Santiago Oviedo\"}}]}<\/script>\n<!-- \/ Yoast SEO plugin. -->","yoast_head_json":{"title":"Fortalecen lazos de cooperaci\u00f3n en favor de los emprendedores dominicanos en Nueva York - Consulado General de la Rep\u00fablica Dominicana en New York, EE. UU.","robots":{"index":"index","follow":"follow","max-snippet":"max-snippet:-1","max-image-preview":"max-image-preview:large","max-video-preview":"max-video-preview:-1"},"canonical":"https:\/\/usa.mirex.gob.do\/consular\/new-york\/fortalecen-lazos-de-cooperacion-en-favor-de-los-emprendedores-dominicanos-en-nueva-york\/","og_locale":"en_US","og_type":"article","og_title":"Fortalecen lazos de cooperaci\u00f3n en favor de los emprendedores dominicanos en Nueva York - Consulado General de la Rep\u00fablica Dominicana en New York, EE. UU.","og_description":"Nuestro honorable c\u00f3nsul recibi\u00f3 en su despacho la visita de cortes\u00eda del comisionado del Departamento de Servicios para Peque\u00f1as Empresas de la Ciudad de Nueva York, Kenny Minaya, quien estuvo acompa\u00f1ado por el director de la Oficina de Vida Nocturna de la Ciudad de Nueva York, Jeff Garc\u00eda. Durante el encuentro, ambas partes intercambiaron ideas [&hellip;]","og_url":"https:\/\/usa.mirex.gob.do\/consular\/new-york\/fortalecen-lazos-de-cooperacion-en-favor-de-los-emprendedores-dominicanos-en-nueva-york\/","og_site_name":"Consulado General de la Rep\u00fablica Dominicana en New York, EE. UU.","article_published_time":"2026-04-30T18:45:51+00:00","og_image":[{"width":1280,"height":854,"url":"https:\/\/usa.mirex.gob.do\/consular\/new-york\/wp-content\/uploads\/2026\/04\/WhatsApp-Image-2026-04-30-at-2.31.10-PM-1.jpeg","type":"image\/jpeg"}],"author":"Santiago Oviedo","twitter_card":"summary_large_image","twitter_misc":{"Written by":"Santiago Oviedo","Est. reading time":"1 minute"},"schema":{"@context":"https:\/\/schema.org","@graph":[{"@type":"Article","@id":"https:\/\/usa.mirex.gob.do\/consular\/new-york\/fortalecen-lazos-de-cooperacion-en-favor-de-los-emprendedores-dominicanos-en-nueva-york\/#article","isPartOf":{"@id":"https:\/\/usa.mirex.gob.do\/consular\/new-york\/fortalecen-lazos-de-cooperacion-en-favor-de-los-emprendedores-dominicanos-en-nueva-york\/"},"author":{"name":"Santiago Oviedo","@id":"https:\/\/usa.mirex.gob.do\/consular\/new-york\/#\/schema\/person\/6172d615124f993ce43bd47992cfb6e0"},"headline":"Fortalecen lazos de cooperaci\u00f3n en favor de los emprendedores dominicanos en Nueva York","datePublished":"2026-04-30T18:45:51+00:00","mainEntityOfPage":{"@id":"https:\/\/usa.mirex.gob.do\/consular\/new-york\/fortalecen-lazos-de-cooperacion-en-favor-de-los-emprendedores-dominicanos-en-nueva-york\/"},"wordCount":137,"publisher":{"@id":"https:\/\/usa.mirex.gob.do\/consular\/new-york\/#organization"},"image":{"@id":"https:\/\/usa.mirex.gob.do\/consular\/new-york\/fortalecen-lazos-de-cooperacion-en-favor-de-los-emprendedores-dominicanos-en-nueva-york\/#primaryimage"},"thumbnailUrl":"https:\/\/usa.mirex.gob.do\/consular\/new-york\/wp-content\/uploads\/2026\/04\/WhatsApp-Image-2026-04-30-at-2.31.10-PM-1.jpeg","articleSection":["Sin categorizar"],"inLanguage":"en-US"},{"@type":"WebPage","@id":"https:\/\/usa.mirex.gob.do\/consular\/new-york\/fortalecen-lazos-de-cooperacion-en-favor-de-los-emprendedores-dominicanos-en-nueva-york\/","url":"https:\/\/usa.mirex.gob.do\/consular\/new-york\/fortalecen-lazos-de-cooperacion-en-favor-de-los-emprendedores-dominicanos-en-nueva-york\/","name":"Fortalecen lazos de cooperaci\u00f3n en favor de los emprendedores dominicanos en Nueva York - Consulado General de la Rep\u00fablica Dominicana en New York, EE. UU.","isPartOf":{"@id":"https:\/\/usa.mirex.gob.do\/consular\/new-york\/#website"},"primaryImageOfPage":{"@id":"https:\/\/usa.mirex.gob.do\/consular\/new-york\/fortalecen-lazos-de-cooperacion-en-favor-de-los-emprendedores-dominicanos-en-nueva-york\/#primaryimage"},"image":{"@id":"https:\/\/usa.mirex.gob.do\/consular\/new-york\/fortalecen-lazos-de-cooperacion-en-favor-de-los-emprendedores-dominicanos-en-nueva-york\/#primaryimage"},"thumbnailUrl":"https:\/\/usa.mirex.gob.do\/consular\/new-york\/wp-content\/uploads\/2026\/04\/WhatsApp-Image-2026-04-30-at-2.31.10-PM-1.jpeg","datePublished":"2026-04-30T18:45:51+00:00","breadcrumb":{"@id":"https:\/\/usa.mirex.gob.do\/consular\/new-york\/fortalecen-lazos-de-cooperacion-en-favor-de-los-emprendedores-dominicanos-en-nueva-york\/#breadcrumb"},"inLanguage":"en-US","potentialAction":[{"@type":"ReadAction","target":["https:\/\/usa.mirex.gob.do\/consular\/new-york\/fortalecen-lazos-de-cooperacion-en-favor-de-los-emprendedores-dominicanos-en-nueva-york\/"]}]},{"@type":"ImageObject","inLanguage":"en-US","@id":"https:\/\/usa.mirex.gob.do\/consular\/new-york\/fortalecen-lazos-de-cooperacion-en-favor-de-los-emprendedores-dominicanos-en-nueva-york\/#primaryimage","url":"https:\/\/usa.mirex.gob.do\/consular\/new-york\/wp-content\/uploads\/2026\/04\/WhatsApp-Image-2026-04-30-at-2.31.10-PM-1.jpeg","contentUrl":"https:\/\/usa.mirex.gob.do\/consular\/new-york\/wp-content\/uploads\/2026\/04\/WhatsApp-Image-2026-04-30-at-2.31.10-PM-1.jpeg","width":1280,"height":854},{"@type":"BreadcrumbList","@id":"https:\/\/usa.mirex.gob.do\/consular\/new-york\/fortalecen-lazos-de-cooperacion-en-favor-de-los-emprendedores-dominicanos-en-nueva-york\/#breadcrumb","itemListElement":[{"@type":"ListItem","position":1,"name":"Inicio","item":"https:\/\/usa.mirex.gob.do\/consular\/new-york\/"},{"@type":"ListItem","position":2,"name":"Fortalecen lazos de cooperaci\u00f3n en favor de los emprendedores dominicanos en Nueva York"}]},{"@type":"WebSite","@id":"https:\/\/usa.mirex.gob.do\/consular\/new-york\/#website","url":"https:\/\/usa.mirex.gob.do\/consular\/new-york\/","name":"Consulado General de la Rep\u00fablica Dominicana en New York, EE. UU.","description":"","publisher":{"@id":"https:\/\/usa.mirex.gob.do\/consular\/new-york\/#organization"},"potentialAction":[{"@type":"SearchAction","target":{"@type":"EntryPoint","urlTemplate":"https:\/\/usa.mirex.gob.do\/consular\/new-york\/?s={search_term_string}"},"query-input":{"@type":"PropertyValueSpecification","valueRequired":true,"valueName":"search_term_string"}}],"inLanguage":"en-US"},{"@type":"Organization","@id":"https:\/\/usa.mirex.gob.do\/consular\/new-york\/#organization","name":"Consulado General de la Rep\u00fablica Dominicana en New York, EE. UU.","url":"https:\/\/usa.mirex.gob.do\/consular\/new-york\/","logo":{"@type":"ImageObject","inLanguage":"en-US","@id":"https:\/\/usa.mirex.gob.do\/consular\/new-york\/#\/schema\/logo\/image\/","url":"https:\/\/usa.mirex.gob.do\/consular\/new-york\/wp-content\/uploads\/2021\/09\/CONSULADO-NEW-YORK-USA-RD-04.png","contentUrl":"https:\/\/usa.mirex.gob.do\/consular\/new-york\/wp-content\/uploads\/2021\/09\/CONSULADO-NEW-YORK-USA-RD-04.png","width":4163,"height":1788,"caption":"Consulado General de la Rep\u00fablica Dominicana en New York, EE. UU."},"image":{"@id":"https:\/\/usa.mirex.gob.do\/consular\/new-york\/#\/schema\/logo\/image\/"}},{"@type":"Person","@id":"https:\/\/usa.mirex.gob.do\/consular\/new-york\/#\/schema\/person\/6172d615124f993ce43bd47992cfb6e0","name":"Santiago Oviedo","image":{"@type":"ImageObject","inLanguage":"en-US","@id":"https:\/\/secure.gravatar.com\/avatar\/21b7f9e43e66e22427aec88c30c9334e922b3ad83d40ed4b7568e36d892134c4?s=96&d=mm&r=g","url":"https:\/\/secure.gravatar.com\/avatar\/21b7f9e43e66e22427aec88c30c9334e922b3ad83d40ed4b7568e36d892134c4?s=96&d=mm&r=g","contentUrl":"https:\/\/secure.gravatar.com\/avatar\/21b7f9e43e66e22427aec88c30c9334e922b3ad83d40ed4b7568e36d892134c4?s=96&d=mm&r=g","caption":"Santiago Oviedo"}}]}},"_links":{"self":[{"href":"https:\/\/usa.mirex.gob.do\/consular\/new-york\/wp-json\/wp\/v2\/posts\/6323","targetHints":{"allow":["GET"]}}],"collection":[{"href":"https:\/\/usa.mirex.gob.do\/consular\/new-york\/wp-json\/wp\/v2\/posts"}],"about":[{"href":"https:\/\/usa.mirex.gob.do\/consular\/new-york\/wp-json\/wp\/v2\/types\/post"}],"author":[{"embeddable":true,"href":"https:\/\/usa.mirex.gob.do\/consular\/new-york\/wp-json\/wp\/v2\/users\/9"}],"replies":[{"embeddable":true,"href":"https:\/\/usa.mirex.gob.do\/consular\/new-york\/wp-json\/wp\/v2\/comments?post=6323"}],"version-history":[{"count":1,"href":"https:\/\/usa.mirex.gob.do\/consular\/new-york\/wp-json\/wp\/v2\/posts\/6323\/revisions"}],"predecessor-version":[{"id":6326,"href":"https:\/\/usa.mirex.gob.do\/consular\/new-york\/wp-json\/wp\/v2\/posts\/6323\/revisions\/6326"}],"wp:featuredmedia":[{"embeddable":true,"href":"https:\/\/usa.mirex.gob.do\/consular\/new-york\/wp-json\/wp\/v2\/media\/6325"}],"wp:attachment":[{"href":"https:\/\/usa.mirex.gob.do\/consular\/new-york\/wp-json\/wp\/v2\/media?parent=6323"}],"wp:term":[{"taxonomy":"category","embeddable":true,"href":"https:\/\/usa.mirex.gob.do\/consular\/new-york\/wp-json\/wp\/v2\/categories?post=6323"},{"taxonomy":"post_tag","embeddable":true,"href":"https:\/\/usa.mirex.gob.do\/consular\/new-york\/wp-json\/wp\/v2\/tags?post=6323"}],"curies":[{"name":"wp","href":"https:\/\/api.w.org\/{rel}","templated":true}]}}