{"id":6477,"date":"2026-08-25T14:34:05","date_gmt":"2026-08-25T14:34:05","guid":{"rendered":"https:\/\/usa.mirex.gob.do\/consular\/new-york\/?p=6477"},"modified":"2026-08-25T14:56:49","modified_gmt":"2026-08-25T14:56:49","slug":"un-hecho-historico-para-nuestra-comunidad","status":"publish","type":"post","link":"https:\/\/usa.mirex.gob.do\/consular\/new-york\/un-hecho-historico-para-nuestra-comunidad\/","title":{"rendered":"!UN HECHO HIST\u00d3RICO PARA NUESTRA COMUNIDAD!"},"content":{"rendered":"<p><strong>El c\u00f3nsul general Jes\u00fas V\u00e1zquez Mart\u00ednez <\/strong>dej\u00f3 formalmente inaugurada la primera Oficina Consular Conexa del Consulado Dominicano en El Bronx.<\/p>\n<p>Esta sede constituye un logro sin precedentes al ser la primera oficina de esta naturaleza autorizada formalmente por el Departamento de Estado de los EE. UU., lo que garantiza su permanencia fija y continua al servicio de nuestra gente, m\u00e1s all\u00e1 de cualquier gesti\u00f3n.<\/p>\n<p>\u00a1Un espacio permanente, amparado por leyes internacionales y concebido como la verdadera casa de todos los dominicanos! \ud83c\udde9\ud83c\uddf4\u2728<\/p>\n<p>#ConsuladoDominicanoNY #ElBronx #Di\u00e1sporaDominicana #OrgulloDominicano #Rep\u00fablicaDominicana #ChuVazquez<\/p>\n<p>&nbsp;<\/p>\n<p>&nbsp;<\/p>\n","protected":false},"excerpt":{"rendered":"<p>El c\u00f3nsul general Jes\u00fas V\u00e1zquez Mart\u00ednez dej\u00f3 formalmente inaugurada la primera Oficina Consular Conexa del Consulado Dominicano en El Bronx. Esta sede constituye un logro sin precedentes al ser la primera oficina de esta naturaleza autorizada formalmente por el Departamento de Estado de los EE. UU., lo que garantiza su permanencia fija y continua al [&hellip;]<\/p>\n","protected":false},"author":9,"featured_media":6481,"comment_status":"closed","ping_status":"open","sticky":false,"template":"","format":"standard","meta":{"site-sidebar-layout":"default","site-content-layout":"","ast-site-content-layout":"default","site-content-style":"default","site-sidebar-style":"default","ast-global-header-display":"","ast-banner-title-visibility":"","ast-main-header-display":"","ast-hfb-above-header-display":"","ast-hfb-below-header-display":"","ast-hfb-mobile-header-display":"","site-post-title":"","ast-breadcrumbs-content":"","ast-featured-img":"","footer-sml-layout":"","ast-disable-related-posts":"","theme-transparent-header-meta":"default","adv-header-id-meta":"","stick-header-meta":"","header-above-stick-meta":"","header-main-stick-meta":"","header-below-stick-meta":"","astra-migrate-meta-layouts":"set","ast-page-background-enabled":"default","ast-page-background-meta":{"desktop":{"background-color":"","background-image":"","background-repeat":"repeat","background-position":"center center","background-size":"auto","background-attachment":"scroll","background-type":"","background-media":"","overlay-type":"","overlay-color":"","overlay-opacity":"","overlay-gradient":""},"tablet":{"background-color":"","background-image":"","background-repeat":"repeat","background-position":"center center","background-size":"auto","background-attachment":"scroll","background-type":"","background-media":"","overlay-type":"","overlay-color":"","overlay-opacity":"","overlay-gradient":""},"mobile":{"background-color":"","background-image":"","background-repeat":"repeat","background-position":"center center","background-size":"auto","background-attachment":"scroll","background-type":"","background-media":"","overlay-type":"","overlay-color":"","overlay-opacity":"","overlay-gradient":""}},"ast-content-background-meta":{"desktop":{"background-color":"var(--ast-global-color-5)","background-image":"","background-repeat":"repeat","background-position":"center center","background-size":"auto","background-attachment":"scroll","background-type":"","background-media":"","overlay-type":"","overlay-color":"","overlay-opacity":"","overlay-gradient":""},"tablet":{"background-color":"var(--ast-global-color-5)","background-image":"","background-repeat":"repeat","background-position":"center center","background-size":"auto","background-attachment":"scroll","background-type":"","background-media":"","overlay-type":"","overlay-color":"","overlay-opacity":"","overlay-gradient":""},"mobile":{"background-color":"var(--ast-global-color-5)","background-image":"","background-repeat":"repeat","background-position":"center center","background-size":"auto","background-attachment":"scroll","background-type":"","background-media":"","overlay-type":"","overlay-color":"","overlay-opacity":"","overlay-gradient":""}},"footnotes":""},"categories":[1],"tags":[],"class_list":["post-6477","post","type-post","status-publish","format-standard","has-post-thumbnail","hentry","category-sin-categorizar"],"yoast_head":"<!-- This site is optimized with the Yoast SEO plugin v28.4 - https:\/\/yoast.com\/product\/yoast-seo-wordpress\/ -->\n<title>!UN HECHO HIST\u00d3RICO PARA NUESTRA COMUNIDAD! - Consulado General de la Rep\u00fablica Dominicana en New York, EE. UU.<\/title>\n<meta name=\"robots\" content=\"index, follow, max-snippet:-1, max-image-preview:large, max-video-preview:-1\" \/>\n<link rel=\"canonical\" href=\"https:\/\/usa.mirex.gob.do\/consular\/new-york\/un-hecho-historico-para-nuestra-comunidad\/\" \/>\n<meta property=\"og:locale\" content=\"en_US\" \/>\n<meta property=\"og:type\" content=\"article\" \/>\n<meta property=\"og:title\" content=\"!UN HECHO HIST\u00d3RICO PARA NUESTRA COMUNIDAD! - Consulado General de la Rep\u00fablica Dominicana en New York, EE. UU.\" \/>\n<meta property=\"og:description\" content=\"El c\u00f3nsul general Jes\u00fas V\u00e1zquez Mart\u00ednez dej\u00f3 formalmente inaugurada la primera Oficina Consular Conexa del Consulado Dominicano en El Bronx. Esta sede constituye un logro sin precedentes al ser la primera oficina de esta naturaleza autorizada formalmente por el Departamento de Estado de los EE. UU., lo que garantiza su permanencia fija y continua al [&hellip;]\" \/>\n<meta property=\"og:url\" content=\"https:\/\/usa.mirex.gob.do\/consular\/new-york\/un-hecho-historico-para-nuestra-comunidad\/\" \/>\n<meta property=\"og:site_name\" content=\"Consulado General de la Rep\u00fablica Dominicana en New York, EE. UU.\" \/>\n<meta property=\"article:published_time\" content=\"2026-08-25T14:34:05+00:00\" \/>\n<meta property=\"article:modified_time\" content=\"2026-08-25T14:56:49+00:00\" \/>\n<meta property=\"og:image\" content=\"https:\/\/usa.mirex.gob.do\/consular\/new-york\/wp-content\/uploads\/2026\/08\/Consul-General-Bronx-scaled.jpeg\" \/>\n\t<meta property=\"og:image:width\" content=\"2560\" \/>\n\t<meta property=\"og:image:height\" content=\"2560\" \/>\n\t<meta property=\"og:image:type\" content=\"image\/jpeg\" \/>\n<meta name=\"author\" content=\"Santiago Oviedo\" \/>\n<meta name=\"twitter:card\" content=\"summary_large_image\" \/>\n<meta name=\"twitter:label1\" content=\"Written by\" \/>\n\t<meta name=\"twitter:data1\" content=\"Santiago Oviedo\" \/>\n\t<meta name=\"twitter:label2\" content=\"Est. reading time\" \/>\n\t<meta name=\"twitter:data2\" content=\"1 minute\" \/>\n<script type=\"application\/ld+json\" class=\"yoast-schema-graph\">{\"@context\":\"https:\\\/\\\/schema.org\",\"@graph\":[{\"@type\":\"Article\",\"@id\":\"https:\\\/\\\/usa.mirex.gob.do\\\/consular\\\/new-york\\\/un-hecho-historico-para-nuestra-comunidad\\\/#article\",\"isPartOf\":{\"@id\":\"https:\\\/\\\/usa.mirex.gob.do\\\/consular\\\/new-york\\\/un-hecho-historico-para-nuestra-comunidad\\\/\"},\"author\":{\"name\":\"Santiago Oviedo\",\"@id\":\"https:\\\/\\\/usa.mirex.gob.do\\\/consular\\\/new-york\\\/#\\\/schema\\\/person\\\/6172d615124f993ce43bd47992cfb6e0\"},\"headline\":\"!UN HECHO HIST\u00d3RICO PARA NUESTRA COMUNIDAD!\",\"datePublished\":\"2026-08-25T14:34:05+00:00\",\"dateModified\":\"2026-08-25T14:56:49+00:00\",\"mainEntityOfPage\":{\"@id\":\"https:\\\/\\\/usa.mirex.gob.do\\\/consular\\\/new-york\\\/un-hecho-historico-para-nuestra-comunidad\\\/\"},\"wordCount\":104,\"publisher\":{\"@id\":\"https:\\\/\\\/usa.mirex.gob.do\\\/consular\\\/new-york\\\/#organization\"},\"image\":{\"@id\":\"https:\\\/\\\/usa.mirex.gob.do\\\/consular\\\/new-york\\\/un-hecho-historico-para-nuestra-comunidad\\\/#primaryimage\"},\"thumbnailUrl\":\"https:\\\/\\\/usa.mirex.gob.do\\\/consular\\\/new-york\\\/wp-content\\\/uploads\\\/2026\\\/08\\\/Consul-General-Bronx-scaled.jpeg\",\"articleSection\":[\"Sin categorizar\"],\"inLanguage\":\"en-US\"},{\"@type\":\"WebPage\",\"@id\":\"https:\\\/\\\/usa.mirex.gob.do\\\/consular\\\/new-york\\\/un-hecho-historico-para-nuestra-comunidad\\\/\",\"url\":\"https:\\\/\\\/usa.mirex.gob.do\\\/consular\\\/new-york\\\/un-hecho-historico-para-nuestra-comunidad\\\/\",\"name\":\"!UN HECHO HIST\u00d3RICO PARA NUESTRA COMUNIDAD! - Consulado General de la Rep\u00fablica Dominicana en New York, EE. UU.\",\"isPartOf\":{\"@id\":\"https:\\\/\\\/usa.mirex.gob.do\\\/consular\\\/new-york\\\/#website\"},\"primaryImageOfPage\":{\"@id\":\"https:\\\/\\\/usa.mirex.gob.do\\\/consular\\\/new-york\\\/un-hecho-historico-para-nuestra-comunidad\\\/#primaryimage\"},\"image\":{\"@id\":\"https:\\\/\\\/usa.mirex.gob.do\\\/consular\\\/new-york\\\/un-hecho-historico-para-nuestra-comunidad\\\/#primaryimage\"},\"thumbnailUrl\":\"https:\\\/\\\/usa.mirex.gob.do\\\/consular\\\/new-york\\\/wp-content\\\/uploads\\\/2026\\\/08\\\/Consul-General-Bronx-scaled.jpeg\",\"datePublished\":\"2026-08-25T14:34:05+00:00\",\"dateModified\":\"2026-08-25T14:56:49+00:00\",\"breadcrumb\":{\"@id\":\"https:\\\/\\\/usa.mirex.gob.do\\\/consular\\\/new-york\\\/un-hecho-historico-para-nuestra-comunidad\\\/#breadcrumb\"},\"inLanguage\":\"en-US\",\"potentialAction\":[{\"@type\":\"ReadAction\",\"target\":[\"https:\\\/\\\/usa.mirex.gob.do\\\/consular\\\/new-york\\\/un-hecho-historico-para-nuestra-comunidad\\\/\"]}]},{\"@type\":\"ImageObject\",\"inLanguage\":\"en-US\",\"@id\":\"https:\\\/\\\/usa.mirex.gob.do\\\/consular\\\/new-york\\\/un-hecho-historico-para-nuestra-comunidad\\\/#primaryimage\",\"url\":\"https:\\\/\\\/usa.mirex.gob.do\\\/consular\\\/new-york\\\/wp-content\\\/uploads\\\/2026\\\/08\\\/Consul-General-Bronx-scaled.jpeg\",\"contentUrl\":\"https:\\\/\\\/usa.mirex.gob.do\\\/consular\\\/new-york\\\/wp-content\\\/uploads\\\/2026\\\/08\\\/Consul-General-Bronx-scaled.jpeg\",\"width\":2560,\"height\":2560},{\"@type\":\"BreadcrumbList\",\"@id\":\"https:\\\/\\\/usa.mirex.gob.do\\\/consular\\\/new-york\\\/un-hecho-historico-para-nuestra-comunidad\\\/#breadcrumb\",\"itemListElement\":[{\"@type\":\"ListItem\",\"position\":1,\"name\":\"Inicio\",\"item\":\"https:\\\/\\\/usa.mirex.gob.do\\\/consular\\\/new-york\\\/\"},{\"@type\":\"ListItem\",\"position\":2,\"name\":\"!UN HECHO HIST\u00d3RICO PARA NUESTRA COMUNIDAD!\"}]},{\"@type\":\"WebSite\",\"@id\":\"https:\\\/\\\/usa.mirex.gob.do\\\/consular\\\/new-york\\\/#website\",\"url\":\"https:\\\/\\\/usa.mirex.gob.do\\\/consular\\\/new-york\\\/\",\"name\":\"Consulado General de la Rep\u00fablica Dominicana en New York, EE. UU.\",\"description\":\"\",\"publisher\":{\"@id\":\"https:\\\/\\\/usa.mirex.gob.do\\\/consular\\\/new-york\\\/#organization\"},\"potentialAction\":[{\"@type\":\"SearchAction\",\"target\":{\"@type\":\"EntryPoint\",\"urlTemplate\":\"https:\\\/\\\/usa.mirex.gob.do\\\/consular\\\/new-york\\\/?s={search_term_string}\"},\"query-input\":{\"@type\":\"PropertyValueSpecification\",\"valueRequired\":true,\"valueName\":\"search_term_string\"}}],\"inLanguage\":\"en-US\"},{\"@type\":\"Organization\",\"@id\":\"https:\\\/\\\/usa.mirex.gob.do\\\/consular\\\/new-york\\\/#organization\",\"name\":\"Consulado General de la Rep\u00fablica Dominicana en New York, EE. UU.\",\"url\":\"https:\\\/\\\/usa.mirex.gob.do\\\/consular\\\/new-york\\\/\",\"logo\":{\"@type\":\"ImageObject\",\"inLanguage\":\"en-US\",\"@id\":\"https:\\\/\\\/usa.mirex.gob.do\\\/consular\\\/new-york\\\/#\\\/schema\\\/logo\\\/image\\\/\",\"url\":\"https:\\\/\\\/usa.mirex.gob.do\\\/consular\\\/new-york\\\/wp-content\\\/uploads\\\/2021\\\/09\\\/CONSULADO-NEW-YORK-USA-RD-04.png\",\"contentUrl\":\"https:\\\/\\\/usa.mirex.gob.do\\\/consular\\\/new-york\\\/wp-content\\\/uploads\\\/2021\\\/09\\\/CONSULADO-NEW-YORK-USA-RD-04.png\",\"width\":4163,\"height\":1788,\"caption\":\"Consulado General de la Rep\u00fablica Dominicana en New York, EE. UU.\"},\"image\":{\"@id\":\"https:\\\/\\\/usa.mirex.gob.do\\\/consular\\\/new-york\\\/#\\\/schema\\\/logo\\\/image\\\/\"}},{\"@type\":\"Person\",\"@id\":\"https:\\\/\\\/usa.mirex.gob.do\\\/consular\\\/new-york\\\/#\\\/schema\\\/person\\\/6172d615124f993ce43bd47992cfb6e0\",\"name\":\"Santiago Oviedo\",\"image\":{\"@type\":\"ImageObject\",\"inLanguage\":\"en-US\",\"@id\":\"https:\\\/\\\/secure.gravatar.com\\\/avatar\\\/21b7f9e43e66e22427aec88c30c9334e922b3ad83d40ed4b7568e36d892134c4?s=96&d=mm&r=g\",\"url\":\"https:\\\/\\\/secure.gravatar.com\\\/avatar\\\/21b7f9e43e66e22427aec88c30c9334e922b3ad83d40ed4b7568e36d892134c4?s=96&d=mm&r=g\",\"contentUrl\":\"https:\\\/\\\/secure.gravatar.com\\\/avatar\\\/21b7f9e43e66e22427aec88c30c9334e922b3ad83d40ed4b7568e36d892134c4?s=96&d=mm&r=g\",\"caption\":\"Santiago Oviedo\"}}]}<\/script>\n<!-- \/ Yoast SEO plugin. -->","yoast_head_json":{"title":"!UN HECHO HIST\u00d3RICO PARA NUESTRA COMUNIDAD! - Consulado General de la Rep\u00fablica Dominicana en New York, EE. UU.","robots":{"index":"index","follow":"follow","max-snippet":"max-snippet:-1","max-image-preview":"max-image-preview:large","max-video-preview":"max-video-preview:-1"},"canonical":"https:\/\/usa.mirex.gob.do\/consular\/new-york\/un-hecho-historico-para-nuestra-comunidad\/","og_locale":"en_US","og_type":"article","og_title":"!UN HECHO HIST\u00d3RICO PARA NUESTRA COMUNIDAD! - Consulado General de la Rep\u00fablica Dominicana en New York, EE. UU.","og_description":"El c\u00f3nsul general Jes\u00fas V\u00e1zquez Mart\u00ednez dej\u00f3 formalmente inaugurada la primera Oficina Consular Conexa del Consulado Dominicano en El Bronx. Esta sede constituye un logro sin precedentes al ser la primera oficina de esta naturaleza autorizada formalmente por el Departamento de Estado de los EE. UU., lo que garantiza su permanencia fija y continua al [&hellip;]","og_url":"https:\/\/usa.mirex.gob.do\/consular\/new-york\/un-hecho-historico-para-nuestra-comunidad\/","og_site_name":"Consulado General de la Rep\u00fablica Dominicana en New York, EE. UU.","article_published_time":"2026-08-25T14:34:05+00:00","article_modified_time":"2026-08-25T14:56:49+00:00","og_image":[{"width":2560,"height":2560,"url":"https:\/\/usa.mirex.gob.do\/consular\/new-york\/wp-content\/uploads\/2026\/08\/Consul-General-Bronx-scaled.jpeg","type":"image\/jpeg"}],"author":"Santiago Oviedo","twitter_card":"summary_large_image","twitter_misc":{"Written by":"Santiago Oviedo","Est. reading time":"1 minute"},"schema":{"@context":"https:\/\/schema.org","@graph":[{"@type":"Article","@id":"https:\/\/usa.mirex.gob.do\/consular\/new-york\/un-hecho-historico-para-nuestra-comunidad\/#article","isPartOf":{"@id":"https:\/\/usa.mirex.gob.do\/consular\/new-york\/un-hecho-historico-para-nuestra-comunidad\/"},"author":{"name":"Santiago Oviedo","@id":"https:\/\/usa.mirex.gob.do\/consular\/new-york\/#\/schema\/person\/6172d615124f993ce43bd47992cfb6e0"},"headline":"!UN HECHO HIST\u00d3RICO PARA NUESTRA COMUNIDAD!","datePublished":"2026-08-25T14:34:05+00:00","dateModified":"2026-08-25T14:56:49+00:00","mainEntityOfPage":{"@id":"https:\/\/usa.mirex.gob.do\/consular\/new-york\/un-hecho-historico-para-nuestra-comunidad\/"},"wordCount":104,"publisher":{"@id":"https:\/\/usa.mirex.gob.do\/consular\/new-york\/#organization"},"image":{"@id":"https:\/\/usa.mirex.gob.do\/consular\/new-york\/un-hecho-historico-para-nuestra-comunidad\/#primaryimage"},"thumbnailUrl":"https:\/\/usa.mirex.gob.do\/consular\/new-york\/wp-content\/uploads\/2026\/08\/Consul-General-Bronx-scaled.jpeg","articleSection":["Sin categorizar"],"inLanguage":"en-US"},{"@type":"WebPage","@id":"https:\/\/usa.mirex.gob.do\/consular\/new-york\/un-hecho-historico-para-nuestra-comunidad\/","url":"https:\/\/usa.mirex.gob.do\/consular\/new-york\/un-hecho-historico-para-nuestra-comunidad\/","name":"!UN HECHO HIST\u00d3RICO PARA NUESTRA COMUNIDAD! - Consulado General de la Rep\u00fablica Dominicana en New York, EE. UU.","isPartOf":{"@id":"https:\/\/usa.mirex.gob.do\/consular\/new-york\/#website"},"primaryImageOfPage":{"@id":"https:\/\/usa.mirex.gob.do\/consular\/new-york\/un-hecho-historico-para-nuestra-comunidad\/#primaryimage"},"image":{"@id":"https:\/\/usa.mirex.gob.do\/consular\/new-york\/un-hecho-historico-para-nuestra-comunidad\/#primaryimage"},"thumbnailUrl":"https:\/\/usa.mirex.gob.do\/consular\/new-york\/wp-content\/uploads\/2026\/08\/Consul-General-Bronx-scaled.jpeg","datePublished":"2026-08-25T14:34:05+00:00","dateModified":"2026-08-25T14:56:49+00:00","breadcrumb":{"@id":"https:\/\/usa.mirex.gob.do\/consular\/new-york\/un-hecho-historico-para-nuestra-comunidad\/#breadcrumb"},"inLanguage":"en-US","potentialAction":[{"@type":"ReadAction","target":["https:\/\/usa.mirex.gob.do\/consular\/new-york\/un-hecho-historico-para-nuestra-comunidad\/"]}]},{"@type":"ImageObject","inLanguage":"en-US","@id":"https:\/\/usa.mirex.gob.do\/consular\/new-york\/un-hecho-historico-para-nuestra-comunidad\/#primaryimage","url":"https:\/\/usa.mirex.gob.do\/consular\/new-york\/wp-content\/uploads\/2026\/08\/Consul-General-Bronx-scaled.jpeg","contentUrl":"https:\/\/usa.mirex.gob.do\/consular\/new-york\/wp-content\/uploads\/2026\/08\/Consul-General-Bronx-scaled.jpeg","width":2560,"height":2560},{"@type":"BreadcrumbList","@id":"https:\/\/usa.mirex.gob.do\/consular\/new-york\/un-hecho-historico-para-nuestra-comunidad\/#breadcrumb","itemListElement":[{"@type":"ListItem","position":1,"name":"Inicio","item":"https:\/\/usa.mirex.gob.do\/consular\/new-york\/"},{"@type":"ListItem","position":2,"name":"!UN HECHO HIST\u00d3RICO PARA NUESTRA COMUNIDAD!"}]},{"@type":"WebSite","@id":"https:\/\/usa.mirex.gob.do\/consular\/new-york\/#website","url":"https:\/\/usa.mirex.gob.do\/consular\/new-york\/","name":"Consulado General de la Rep\u00fablica Dominicana en New York, EE. UU.","description":"","publisher":{"@id":"https:\/\/usa.mirex.gob.do\/consular\/new-york\/#organization"},"potentialAction":[{"@type":"SearchAction","target":{"@type":"EntryPoint","urlTemplate":"https:\/\/usa.mirex.gob.do\/consular\/new-york\/?s={search_term_string}"},"query-input":{"@type":"PropertyValueSpecification","valueRequired":true,"valueName":"search_term_string"}}],"inLanguage":"en-US"},{"@type":"Organization","@id":"https:\/\/usa.mirex.gob.do\/consular\/new-york\/#organization","name":"Consulado General de la Rep\u00fablica Dominicana en New York, EE. UU.","url":"https:\/\/usa.mirex.gob.do\/consular\/new-york\/","logo":{"@type":"ImageObject","inLanguage":"en-US","@id":"https:\/\/usa.mirex.gob.do\/consular\/new-york\/#\/schema\/logo\/image\/","url":"https:\/\/usa.mirex.gob.do\/consular\/new-york\/wp-content\/uploads\/2021\/09\/CONSULADO-NEW-YORK-USA-RD-04.png","contentUrl":"https:\/\/usa.mirex.gob.do\/consular\/new-york\/wp-content\/uploads\/2021\/09\/CONSULADO-NEW-YORK-USA-RD-04.png","width":4163,"height":1788,"caption":"Consulado General de la Rep\u00fablica Dominicana en New York, EE. UU."},"image":{"@id":"https:\/\/usa.mirex.gob.do\/consular\/new-york\/#\/schema\/logo\/image\/"}},{"@type":"Person","@id":"https:\/\/usa.mirex.gob.do\/consular\/new-york\/#\/schema\/person\/6172d615124f993ce43bd47992cfb6e0","name":"Santiago Oviedo","image":{"@type":"ImageObject","inLanguage":"en-US","@id":"https:\/\/secure.gravatar.com\/avatar\/21b7f9e43e66e22427aec88c30c9334e922b3ad83d40ed4b7568e36d892134c4?s=96&d=mm&r=g","url":"https:\/\/secure.gravatar.com\/avatar\/21b7f9e43e66e22427aec88c30c9334e922b3ad83d40ed4b7568e36d892134c4?s=96&d=mm&r=g","contentUrl":"https:\/\/secure.gravatar.com\/avatar\/21b7f9e43e66e22427aec88c30c9334e922b3ad83d40ed4b7568e36d892134c4?s=96&d=mm&r=g","caption":"Santiago Oviedo"}}]}},"_links":{"self":[{"href":"https:\/\/usa.mirex.gob.do\/consular\/new-york\/wp-json\/wp\/v2\/posts\/6477","targetHints":{"allow":["GET"]}}],"collection":[{"href":"https:\/\/usa.mirex.gob.do\/consular\/new-york\/wp-json\/wp\/v2\/posts"}],"about":[{"href":"https:\/\/usa.mirex.gob.do\/consular\/new-york\/wp-json\/wp\/v2\/types\/post"}],"author":[{"embeddable":true,"href":"https:\/\/usa.mirex.gob.do\/consular\/new-york\/wp-json\/wp\/v2\/users\/9"}],"replies":[{"embeddable":true,"href":"https:\/\/usa.mirex.gob.do\/consular\/new-york\/wp-json\/wp\/v2\/comments?post=6477"}],"version-history":[{"count":1,"href":"https:\/\/usa.mirex.gob.do\/consular\/new-york\/wp-json\/wp\/v2\/posts\/6477\/revisions"}],"predecessor-version":[{"id":6480,"href":"https:\/\/usa.mirex.gob.do\/consular\/new-york\/wp-json\/wp\/v2\/posts\/6477\/revisions\/6480"}],"wp:featuredmedia":[{"embeddable":true,"href":"https:\/\/usa.mirex.gob.do\/consular\/new-york\/wp-json\/wp\/v2\/media\/6481"}],"wp:attachment":[{"href":"https:\/\/usa.mirex.gob.do\/consular\/new-york\/wp-json\/wp\/v2\/media?parent=6477"}],"wp:term":[{"taxonomy":"category","embeddable":true,"href":"https:\/\/usa.mirex.gob.do\/consular\/new-york\/wp-json\/wp\/v2\/categories?post=6477"},{"taxonomy":"post_tag","embeddable":true,"href":"https:\/\/usa.mirex.gob.do\/consular\/new-york\/wp-json\/wp\/v2\/tags?post=6477"}],"curies":[{"name":"wp","href":"https:\/\/api.w.org\/{rel}","templated":true}]}}