{"id":6482,"date":"2026-08-28T18:29:11","date_gmt":"2026-08-28T18:29:11","guid":{"rendered":"https:\/\/usa.mirex.gob.do\/consular\/new-york\/?p=6482"},"modified":"2026-08-28T18:29:11","modified_gmt":"2026-08-28T18:29:11","slug":"el-consulado-dominicano-llega-a-brooklyn","status":"publish","type":"post","link":"https:\/\/usa.mirex.gob.do\/consular\/new-york\/el-consulado-dominicano-llega-a-brooklyn\/","title":{"rendered":"\u00a1El Consulado Dominicano llega a Brooklyn!"},"content":{"rendered":"<p>El C\u00f3nsul General en Nueva York, Jes\u00fas V\u00e1zquez, encabez\u00f3 la inauguraci\u00f3n de la nueva oficina consular ubicada en el 2777 de Atlantic Avenue, Brooklyn, un espacio dise\u00f1ado para facilitar los tr\u00e1mites de miles de dominicanos residentes en Brooklyn y Queens sin necesidad de trasladarse a Manhattan.<\/p>\n<p>Adem\u00e1s de tr\u00e1mites consulares, la sede busca albergar diversas instituciones del Estado dominicano para ofrecer orientaci\u00f3n directa a la comunidad.<\/p>\n","protected":false},"excerpt":{"rendered":"<p>El C\u00f3nsul General en Nueva York, Jes\u00fas V\u00e1zquez, encabez\u00f3 la inauguraci\u00f3n de la nueva oficina consular ubicada en el 2777 de Atlantic Avenue, Brooklyn, un espacio dise\u00f1ado para facilitar los tr\u00e1mites de miles de dominicanos residentes en Brooklyn y Queens sin necesidad de trasladarse a Manhattan. Adem\u00e1s de tr\u00e1mites consulares, la sede busca albergar diversas [&hellip;]<\/p>\n","protected":false},"author":9,"featured_media":6483,"comment_status":"closed","ping_status":"open","sticky":false,"template":"","format":"standard","meta":{"site-sidebar-layout":"default","site-content-layout":"","ast-site-content-layout":"default","site-content-style":"default","site-sidebar-style":"default","ast-global-header-display":"","ast-banner-title-visibility":"","ast-main-header-display":"","ast-hfb-above-header-display":"","ast-hfb-below-header-display":"","ast-hfb-mobile-header-display":"","site-post-title":"","ast-breadcrumbs-content":"","ast-featured-img":"","footer-sml-layout":"","ast-disable-related-posts":"","theme-transparent-header-meta":"default","adv-header-id-meta":"","stick-header-meta":"","header-above-stick-meta":"","header-main-stick-meta":"","header-below-stick-meta":"","astra-migrate-meta-layouts":"set","ast-page-background-enabled":"default","ast-page-background-meta":{"desktop":{"background-color":"","background-image":"","background-repeat":"repeat","background-position":"center center","background-size":"auto","background-attachment":"scroll","background-type":"","background-media":"","overlay-type":"","overlay-color":"","overlay-opacity":"","overlay-gradient":""},"tablet":{"background-color":"","background-image":"","background-repeat":"repeat","background-position":"center center","background-size":"auto","background-attachment":"scroll","background-type":"","background-media":"","overlay-type":"","overlay-color":"","overlay-opacity":"","overlay-gradient":""},"mobile":{"background-color":"","background-image":"","background-repeat":"repeat","background-position":"center center","background-size":"auto","background-attachment":"scroll","background-type":"","background-media":"","overlay-type":"","overlay-color":"","overlay-opacity":"","overlay-gradient":""}},"ast-content-background-meta":{"desktop":{"background-color":"var(--ast-global-color-5)","background-image":"","background-repeat":"repeat","background-position":"center center","background-size":"auto","background-attachment":"scroll","background-type":"","background-media":"","overlay-type":"","overlay-color":"","overlay-opacity":"","overlay-gradient":""},"tablet":{"background-color":"var(--ast-global-color-5)","background-image":"","background-repeat":"repeat","background-position":"center center","background-size":"auto","background-attachment":"scroll","background-type":"","background-media":"","overlay-type":"","overlay-color":"","overlay-opacity":"","overlay-gradient":""},"mobile":{"background-color":"var(--ast-global-color-5)","background-image":"","background-repeat":"repeat","background-position":"center center","background-size":"auto","background-attachment":"scroll","background-type":"","background-media":"","overlay-type":"","overlay-color":"","overlay-opacity":"","overlay-gradient":""}},"footnotes":""},"categories":[1],"tags":[],"class_list":["post-6482","post","type-post","status-publish","format-standard","has-post-thumbnail","hentry","category-sin-categorizar"],"yoast_head":"<!-- This site is optimized with the Yoast SEO plugin v28.4 - https:\/\/yoast.com\/product\/yoast-seo-wordpress\/ -->\n<title>\u00a1El Consulado Dominicano llega a Brooklyn! - Consulado General de la Rep\u00fablica Dominicana en New York, EE. UU.<\/title>\n<meta name=\"robots\" content=\"index, follow, max-snippet:-1, max-image-preview:large, max-video-preview:-1\" \/>\n<link rel=\"canonical\" href=\"https:\/\/usa.mirex.gob.do\/consular\/new-york\/el-consulado-dominicano-llega-a-brooklyn\/\" \/>\n<meta property=\"og:locale\" content=\"en_US\" \/>\n<meta property=\"og:type\" content=\"article\" \/>\n<meta property=\"og:title\" content=\"\u00a1El Consulado Dominicano llega a Brooklyn! - Consulado General de la Rep\u00fablica Dominicana en New York, EE. UU.\" \/>\n<meta property=\"og:description\" content=\"El C\u00f3nsul General en Nueva York, Jes\u00fas V\u00e1zquez, encabez\u00f3 la inauguraci\u00f3n de la nueva oficina consular ubicada en el 2777 de Atlantic Avenue, Brooklyn, un espacio dise\u00f1ado para facilitar los tr\u00e1mites de miles de dominicanos residentes en Brooklyn y Queens sin necesidad de trasladarse a Manhattan. Adem\u00e1s de tr\u00e1mites consulares, la sede busca albergar diversas [&hellip;]\" \/>\n<meta property=\"og:url\" content=\"https:\/\/usa.mirex.gob.do\/consular\/new-york\/el-consulado-dominicano-llega-a-brooklyn\/\" \/>\n<meta property=\"og:site_name\" content=\"Consulado General de la Rep\u00fablica Dominicana en New York, EE. UU.\" \/>\n<meta property=\"article:published_time\" content=\"2026-08-28T18:29:11+00:00\" \/>\n<meta property=\"og:image\" content=\"https:\/\/usa.mirex.gob.do\/consular\/new-york\/wp-content\/uploads\/2026\/08\/BK.jpg\" \/>\n\t<meta property=\"og:image:width\" content=\"1024\" \/>\n\t<meta property=\"og:image:height\" content=\"682\" \/>\n\t<meta property=\"og:image:type\" content=\"image\/jpeg\" \/>\n<meta name=\"author\" content=\"Santiago Oviedo\" \/>\n<meta name=\"twitter:card\" content=\"summary_large_image\" \/>\n<meta name=\"twitter:label1\" content=\"Written by\" \/>\n\t<meta name=\"twitter:data1\" content=\"Santiago Oviedo\" \/>\n<script type=\"application\/ld+json\" class=\"yoast-schema-graph\">{\"@context\":\"https:\\\/\\\/schema.org\",\"@graph\":[{\"@type\":\"Article\",\"@id\":\"https:\\\/\\\/usa.mirex.gob.do\\\/consular\\\/new-york\\\/el-consulado-dominicano-llega-a-brooklyn\\\/#article\",\"isPartOf\":{\"@id\":\"https:\\\/\\\/usa.mirex.gob.do\\\/consular\\\/new-york\\\/el-consulado-dominicano-llega-a-brooklyn\\\/\"},\"author\":{\"name\":\"Santiago Oviedo\",\"@id\":\"https:\\\/\\\/usa.mirex.gob.do\\\/consular\\\/new-york\\\/#\\\/schema\\\/person\\\/6172d615124f993ce43bd47992cfb6e0\"},\"headline\":\"\u00a1El Consulado Dominicano llega a Brooklyn!\",\"datePublished\":\"2026-08-28T18:29:11+00:00\",\"mainEntityOfPage\":{\"@id\":\"https:\\\/\\\/usa.mirex.gob.do\\\/consular\\\/new-york\\\/el-consulado-dominicano-llega-a-brooklyn\\\/\"},\"wordCount\":80,\"publisher\":{\"@id\":\"https:\\\/\\\/usa.mirex.gob.do\\\/consular\\\/new-york\\\/#organization\"},\"image\":{\"@id\":\"https:\\\/\\\/usa.mirex.gob.do\\\/consular\\\/new-york\\\/el-consulado-dominicano-llega-a-brooklyn\\\/#primaryimage\"},\"thumbnailUrl\":\"https:\\\/\\\/usa.mirex.gob.do\\\/consular\\\/new-york\\\/wp-content\\\/uploads\\\/2026\\\/08\\\/BK.jpg\",\"articleSection\":[\"Sin categorizar\"],\"inLanguage\":\"en-US\"},{\"@type\":\"WebPage\",\"@id\":\"https:\\\/\\\/usa.mirex.gob.do\\\/consular\\\/new-york\\\/el-consulado-dominicano-llega-a-brooklyn\\\/\",\"url\":\"https:\\\/\\\/usa.mirex.gob.do\\\/consular\\\/new-york\\\/el-consulado-dominicano-llega-a-brooklyn\\\/\",\"name\":\"\u00a1El Consulado Dominicano llega a Brooklyn! - Consulado General de la Rep\u00fablica Dominicana en New York, EE. UU.\",\"isPartOf\":{\"@id\":\"https:\\\/\\\/usa.mirex.gob.do\\\/consular\\\/new-york\\\/#website\"},\"primaryImageOfPage\":{\"@id\":\"https:\\\/\\\/usa.mirex.gob.do\\\/consular\\\/new-york\\\/el-consulado-dominicano-llega-a-brooklyn\\\/#primaryimage\"},\"image\":{\"@id\":\"https:\\\/\\\/usa.mirex.gob.do\\\/consular\\\/new-york\\\/el-consulado-dominicano-llega-a-brooklyn\\\/#primaryimage\"},\"thumbnailUrl\":\"https:\\\/\\\/usa.mirex.gob.do\\\/consular\\\/new-york\\\/wp-content\\\/uploads\\\/2026\\\/08\\\/BK.jpg\",\"datePublished\":\"2026-08-28T18:29:11+00:00\",\"breadcrumb\":{\"@id\":\"https:\\\/\\\/usa.mirex.gob.do\\\/consular\\\/new-york\\\/el-consulado-dominicano-llega-a-brooklyn\\\/#breadcrumb\"},\"inLanguage\":\"en-US\",\"potentialAction\":[{\"@type\":\"ReadAction\",\"target\":[\"https:\\\/\\\/usa.mirex.gob.do\\\/consular\\\/new-york\\\/el-consulado-dominicano-llega-a-brooklyn\\\/\"]}]},{\"@type\":\"ImageObject\",\"inLanguage\":\"en-US\",\"@id\":\"https:\\\/\\\/usa.mirex.gob.do\\\/consular\\\/new-york\\\/el-consulado-dominicano-llega-a-brooklyn\\\/#primaryimage\",\"url\":\"https:\\\/\\\/usa.mirex.gob.do\\\/consular\\\/new-york\\\/wp-content\\\/uploads\\\/2026\\\/08\\\/BK.jpg\",\"contentUrl\":\"https:\\\/\\\/usa.mirex.gob.do\\\/consular\\\/new-york\\\/wp-content\\\/uploads\\\/2026\\\/08\\\/BK.jpg\",\"width\":1024,\"height\":682},{\"@type\":\"BreadcrumbList\",\"@id\":\"https:\\\/\\\/usa.mirex.gob.do\\\/consular\\\/new-york\\\/el-consulado-dominicano-llega-a-brooklyn\\\/#breadcrumb\",\"itemListElement\":[{\"@type\":\"ListItem\",\"position\":1,\"name\":\"Inicio\",\"item\":\"https:\\\/\\\/usa.mirex.gob.do\\\/consular\\\/new-york\\\/\"},{\"@type\":\"ListItem\",\"position\":2,\"name\":\"\u00a1El Consulado Dominicano llega a Brooklyn!\"}]},{\"@type\":\"WebSite\",\"@id\":\"https:\\\/\\\/usa.mirex.gob.do\\\/consular\\\/new-york\\\/#website\",\"url\":\"https:\\\/\\\/usa.mirex.gob.do\\\/consular\\\/new-york\\\/\",\"name\":\"Consulado General de la Rep\u00fablica Dominicana en New York, EE. UU.\",\"description\":\"\",\"publisher\":{\"@id\":\"https:\\\/\\\/usa.mirex.gob.do\\\/consular\\\/new-york\\\/#organization\"},\"potentialAction\":[{\"@type\":\"SearchAction\",\"target\":{\"@type\":\"EntryPoint\",\"urlTemplate\":\"https:\\\/\\\/usa.mirex.gob.do\\\/consular\\\/new-york\\\/?s={search_term_string}\"},\"query-input\":{\"@type\":\"PropertyValueSpecification\",\"valueRequired\":true,\"valueName\":\"search_term_string\"}}],\"inLanguage\":\"en-US\"},{\"@type\":\"Organization\",\"@id\":\"https:\\\/\\\/usa.mirex.gob.do\\\/consular\\\/new-york\\\/#organization\",\"name\":\"Consulado General de la Rep\u00fablica Dominicana en New York, EE. UU.\",\"url\":\"https:\\\/\\\/usa.mirex.gob.do\\\/consular\\\/new-york\\\/\",\"logo\":{\"@type\":\"ImageObject\",\"inLanguage\":\"en-US\",\"@id\":\"https:\\\/\\\/usa.mirex.gob.do\\\/consular\\\/new-york\\\/#\\\/schema\\\/logo\\\/image\\\/\",\"url\":\"https:\\\/\\\/usa.mirex.gob.do\\\/consular\\\/new-york\\\/wp-content\\\/uploads\\\/2021\\\/09\\\/CONSULADO-NEW-YORK-USA-RD-04.png\",\"contentUrl\":\"https:\\\/\\\/usa.mirex.gob.do\\\/consular\\\/new-york\\\/wp-content\\\/uploads\\\/2021\\\/09\\\/CONSULADO-NEW-YORK-USA-RD-04.png\",\"width\":4163,\"height\":1788,\"caption\":\"Consulado General de la Rep\u00fablica Dominicana en New York, EE. UU.\"},\"image\":{\"@id\":\"https:\\\/\\\/usa.mirex.gob.do\\\/consular\\\/new-york\\\/#\\\/schema\\\/logo\\\/image\\\/\"}},{\"@type\":\"Person\",\"@id\":\"https:\\\/\\\/usa.mirex.gob.do\\\/consular\\\/new-york\\\/#\\\/schema\\\/person\\\/6172d615124f993ce43bd47992cfb6e0\",\"name\":\"Santiago Oviedo\",\"image\":{\"@type\":\"ImageObject\",\"inLanguage\":\"en-US\",\"@id\":\"https:\\\/\\\/secure.gravatar.com\\\/avatar\\\/21b7f9e43e66e22427aec88c30c9334e922b3ad83d40ed4b7568e36d892134c4?s=96&d=mm&r=g\",\"url\":\"https:\\\/\\\/secure.gravatar.com\\\/avatar\\\/21b7f9e43e66e22427aec88c30c9334e922b3ad83d40ed4b7568e36d892134c4?s=96&d=mm&r=g\",\"contentUrl\":\"https:\\\/\\\/secure.gravatar.com\\\/avatar\\\/21b7f9e43e66e22427aec88c30c9334e922b3ad83d40ed4b7568e36d892134c4?s=96&d=mm&r=g\",\"caption\":\"Santiago Oviedo\"}}]}<\/script>\n<!-- \/ Yoast SEO plugin. -->","yoast_head_json":{"title":"\u00a1El Consulado Dominicano llega a Brooklyn! - Consulado General de la Rep\u00fablica Dominicana en New York, EE. UU.","robots":{"index":"index","follow":"follow","max-snippet":"max-snippet:-1","max-image-preview":"max-image-preview:large","max-video-preview":"max-video-preview:-1"},"canonical":"https:\/\/usa.mirex.gob.do\/consular\/new-york\/el-consulado-dominicano-llega-a-brooklyn\/","og_locale":"en_US","og_type":"article","og_title":"\u00a1El Consulado Dominicano llega a Brooklyn! - Consulado General de la Rep\u00fablica Dominicana en New York, EE. UU.","og_description":"El C\u00f3nsul General en Nueva York, Jes\u00fas V\u00e1zquez, encabez\u00f3 la inauguraci\u00f3n de la nueva oficina consular ubicada en el 2777 de Atlantic Avenue, Brooklyn, un espacio dise\u00f1ado para facilitar los tr\u00e1mites de miles de dominicanos residentes en Brooklyn y Queens sin necesidad de trasladarse a Manhattan. Adem\u00e1s de tr\u00e1mites consulares, la sede busca albergar diversas [&hellip;]","og_url":"https:\/\/usa.mirex.gob.do\/consular\/new-york\/el-consulado-dominicano-llega-a-brooklyn\/","og_site_name":"Consulado General de la Rep\u00fablica Dominicana en New York, EE. UU.","article_published_time":"2026-08-28T18:29:11+00:00","og_image":[{"width":1024,"height":682,"url":"https:\/\/usa.mirex.gob.do\/consular\/new-york\/wp-content\/uploads\/2026\/08\/BK.jpg","type":"image\/jpeg"}],"author":"Santiago Oviedo","twitter_card":"summary_large_image","twitter_misc":{"Written by":"Santiago Oviedo"},"schema":{"@context":"https:\/\/schema.org","@graph":[{"@type":"Article","@id":"https:\/\/usa.mirex.gob.do\/consular\/new-york\/el-consulado-dominicano-llega-a-brooklyn\/#article","isPartOf":{"@id":"https:\/\/usa.mirex.gob.do\/consular\/new-york\/el-consulado-dominicano-llega-a-brooklyn\/"},"author":{"name":"Santiago Oviedo","@id":"https:\/\/usa.mirex.gob.do\/consular\/new-york\/#\/schema\/person\/6172d615124f993ce43bd47992cfb6e0"},"headline":"\u00a1El Consulado Dominicano llega a Brooklyn!","datePublished":"2026-08-28T18:29:11+00:00","mainEntityOfPage":{"@id":"https:\/\/usa.mirex.gob.do\/consular\/new-york\/el-consulado-dominicano-llega-a-brooklyn\/"},"wordCount":80,"publisher":{"@id":"https:\/\/usa.mirex.gob.do\/consular\/new-york\/#organization"},"image":{"@id":"https:\/\/usa.mirex.gob.do\/consular\/new-york\/el-consulado-dominicano-llega-a-brooklyn\/#primaryimage"},"thumbnailUrl":"https:\/\/usa.mirex.gob.do\/consular\/new-york\/wp-content\/uploads\/2026\/08\/BK.jpg","articleSection":["Sin categorizar"],"inLanguage":"en-US"},{"@type":"WebPage","@id":"https:\/\/usa.mirex.gob.do\/consular\/new-york\/el-consulado-dominicano-llega-a-brooklyn\/","url":"https:\/\/usa.mirex.gob.do\/consular\/new-york\/el-consulado-dominicano-llega-a-brooklyn\/","name":"\u00a1El Consulado Dominicano llega a Brooklyn! - Consulado General de la Rep\u00fablica Dominicana en New York, EE. UU.","isPartOf":{"@id":"https:\/\/usa.mirex.gob.do\/consular\/new-york\/#website"},"primaryImageOfPage":{"@id":"https:\/\/usa.mirex.gob.do\/consular\/new-york\/el-consulado-dominicano-llega-a-brooklyn\/#primaryimage"},"image":{"@id":"https:\/\/usa.mirex.gob.do\/consular\/new-york\/el-consulado-dominicano-llega-a-brooklyn\/#primaryimage"},"thumbnailUrl":"https:\/\/usa.mirex.gob.do\/consular\/new-york\/wp-content\/uploads\/2026\/08\/BK.jpg","datePublished":"2026-08-28T18:29:11+00:00","breadcrumb":{"@id":"https:\/\/usa.mirex.gob.do\/consular\/new-york\/el-consulado-dominicano-llega-a-brooklyn\/#breadcrumb"},"inLanguage":"en-US","potentialAction":[{"@type":"ReadAction","target":["https:\/\/usa.mirex.gob.do\/consular\/new-york\/el-consulado-dominicano-llega-a-brooklyn\/"]}]},{"@type":"ImageObject","inLanguage":"en-US","@id":"https:\/\/usa.mirex.gob.do\/consular\/new-york\/el-consulado-dominicano-llega-a-brooklyn\/#primaryimage","url":"https:\/\/usa.mirex.gob.do\/consular\/new-york\/wp-content\/uploads\/2026\/08\/BK.jpg","contentUrl":"https:\/\/usa.mirex.gob.do\/consular\/new-york\/wp-content\/uploads\/2026\/08\/BK.jpg","width":1024,"height":682},{"@type":"BreadcrumbList","@id":"https:\/\/usa.mirex.gob.do\/consular\/new-york\/el-consulado-dominicano-llega-a-brooklyn\/#breadcrumb","itemListElement":[{"@type":"ListItem","position":1,"name":"Inicio","item":"https:\/\/usa.mirex.gob.do\/consular\/new-york\/"},{"@type":"ListItem","position":2,"name":"\u00a1El Consulado Dominicano llega a Brooklyn!"}]},{"@type":"WebSite","@id":"https:\/\/usa.mirex.gob.do\/consular\/new-york\/#website","url":"https:\/\/usa.mirex.gob.do\/consular\/new-york\/","name":"Consulado General de la Rep\u00fablica Dominicana en New York, EE. UU.","description":"","publisher":{"@id":"https:\/\/usa.mirex.gob.do\/consular\/new-york\/#organization"},"potentialAction":[{"@type":"SearchAction","target":{"@type":"EntryPoint","urlTemplate":"https:\/\/usa.mirex.gob.do\/consular\/new-york\/?s={search_term_string}"},"query-input":{"@type":"PropertyValueSpecification","valueRequired":true,"valueName":"search_term_string"}}],"inLanguage":"en-US"},{"@type":"Organization","@id":"https:\/\/usa.mirex.gob.do\/consular\/new-york\/#organization","name":"Consulado General de la Rep\u00fablica Dominicana en New York, EE. UU.","url":"https:\/\/usa.mirex.gob.do\/consular\/new-york\/","logo":{"@type":"ImageObject","inLanguage":"en-US","@id":"https:\/\/usa.mirex.gob.do\/consular\/new-york\/#\/schema\/logo\/image\/","url":"https:\/\/usa.mirex.gob.do\/consular\/new-york\/wp-content\/uploads\/2021\/09\/CONSULADO-NEW-YORK-USA-RD-04.png","contentUrl":"https:\/\/usa.mirex.gob.do\/consular\/new-york\/wp-content\/uploads\/2021\/09\/CONSULADO-NEW-YORK-USA-RD-04.png","width":4163,"height":1788,"caption":"Consulado General de la Rep\u00fablica Dominicana en New York, EE. UU."},"image":{"@id":"https:\/\/usa.mirex.gob.do\/consular\/new-york\/#\/schema\/logo\/image\/"}},{"@type":"Person","@id":"https:\/\/usa.mirex.gob.do\/consular\/new-york\/#\/schema\/person\/6172d615124f993ce43bd47992cfb6e0","name":"Santiago Oviedo","image":{"@type":"ImageObject","inLanguage":"en-US","@id":"https:\/\/secure.gravatar.com\/avatar\/21b7f9e43e66e22427aec88c30c9334e922b3ad83d40ed4b7568e36d892134c4?s=96&d=mm&r=g","url":"https:\/\/secure.gravatar.com\/avatar\/21b7f9e43e66e22427aec88c30c9334e922b3ad83d40ed4b7568e36d892134c4?s=96&d=mm&r=g","contentUrl":"https:\/\/secure.gravatar.com\/avatar\/21b7f9e43e66e22427aec88c30c9334e922b3ad83d40ed4b7568e36d892134c4?s=96&d=mm&r=g","caption":"Santiago Oviedo"}}]}},"_links":{"self":[{"href":"https:\/\/usa.mirex.gob.do\/consular\/new-york\/wp-json\/wp\/v2\/posts\/6482","targetHints":{"allow":["GET"]}}],"collection":[{"href":"https:\/\/usa.mirex.gob.do\/consular\/new-york\/wp-json\/wp\/v2\/posts"}],"about":[{"href":"https:\/\/usa.mirex.gob.do\/consular\/new-york\/wp-json\/wp\/v2\/types\/post"}],"author":[{"embeddable":true,"href":"https:\/\/usa.mirex.gob.do\/consular\/new-york\/wp-json\/wp\/v2\/users\/9"}],"replies":[{"embeddable":true,"href":"https:\/\/usa.mirex.gob.do\/consular\/new-york\/wp-json\/wp\/v2\/comments?post=6482"}],"version-history":[{"count":1,"href":"https:\/\/usa.mirex.gob.do\/consular\/new-york\/wp-json\/wp\/v2\/posts\/6482\/revisions"}],"predecessor-version":[{"id":6484,"href":"https:\/\/usa.mirex.gob.do\/consular\/new-york\/wp-json\/wp\/v2\/posts\/6482\/revisions\/6484"}],"wp:featuredmedia":[{"embeddable":true,"href":"https:\/\/usa.mirex.gob.do\/consular\/new-york\/wp-json\/wp\/v2\/media\/6483"}],"wp:attachment":[{"href":"https:\/\/usa.mirex.gob.do\/consular\/new-york\/wp-json\/wp\/v2\/media?parent=6482"}],"wp:term":[{"taxonomy":"category","embeddable":true,"href":"https:\/\/usa.mirex.gob.do\/consular\/new-york\/wp-json\/wp\/v2\/categories?post=6482"},{"taxonomy":"post_tag","embeddable":true,"href":"https:\/\/usa.mirex.gob.do\/consular\/new-york\/wp-json\/wp\/v2\/tags?post=6482"}],"curies":[{"name":"wp","href":"https:\/\/api.w.org\/{rel}","templated":true}]}}